{"id":1199,"date":"2016-10-15T17:19:27","date_gmt":"2016-10-15T17:19:27","guid":{"rendered":"http:\/\/fliegerblog.rjs.de\/?p=1199"},"modified":"2016-10-15T17:19:27","modified_gmt":"2016-10-15T17:19:27","slug":"die-winterpause-kommt-naeher","status":"publish","type":"post","link":"https:\/\/fliegerblog.rjs.de\/?p=1199","title":{"rendered":"Die Winterpause kommt n\u00e4her"},"content":{"rendered":"<div class=\"separator\" style=\"clear: both; text-align: center;\">\n<a href=\"https:\/\/i0.wp.com\/4.bp.blogspot.com\/-zfBdp0j-g78\/WAJgpRIPIuI\/AAAAAAAADKk\/XNln-liBFXcYMhTedjkLGoMBGNHL6Js_gCLcB\/s1600\/GOPR9129.JPG?ssl=1\" imageanchor=\"1\" style=\"clear: right; float: right; margin-bottom: 1em; margin-left: 1em;\"><img loading=\"lazy\" decoding=\"async\" border=\"0\" height=\"240\" src=\"https:\/\/i0.wp.com\/4.bp.blogspot.com\/-zfBdp0j-g78\/WAJgpRIPIuI\/AAAAAAAADKk\/XNln-liBFXcYMhTedjkLGoMBGNHL6Js_gCLcB\/s320\/GOPR9129.JPG?resize=320%2C240&#038;ssl=1\" width=\"320\" data-recalc-dims=\"1\" \/><\/a><\/div>\n<p>Die letzte Woche war ich beruflich komplett in K\u00f6ln und auch schon die Tage davor standen Schulungen an. Das ist jedes Jahr gleich. Im Sommer habe ich viel Zeit und Flexibilit\u00e4t, um bei passenden Bedingungen an den Hang zu gehen. Schreiben von Computerb\u00fcchern und Aufnahmen von Videotrainings sind genauso wenig zeitgebunden wie die Korrekturen meiner Onlinekurse bei der ILS. Aber zum Herbst hin nehmen die Pr\u00e4sensschulungen regelm\u00e4\u00dfig zu und damit die Gelegenheiten zum flexiblen Reagieren auf gute Bedingungen ab. <\/p>\n<div class=\"separator\" style=\"clear: both; text-align: center;\">\n<a href=\"https:\/\/i0.wp.com\/3.bp.blogspot.com\/-aa9tObhutlg\/WAJgrJo5sJI\/AAAAAAAADKs\/0njyTQlh6IIDRZuZ6BZ0dIevporoqd-wQCLcB\/s1600\/GOPR9131.JPG?ssl=1\" imageanchor=\"1\" style=\"clear: left; float: left; margin-bottom: 1em; margin-right: 1em;\"><img loading=\"lazy\" decoding=\"async\" border=\"0\" height=\"240\" src=\"https:\/\/i0.wp.com\/3.bp.blogspot.com\/-aa9tObhutlg\/WAJgrJo5sJI\/AAAAAAAADKs\/0njyTQlh6IIDRZuZ6BZ0dIevporoqd-wQCLcB\/s320\/GOPR9131.JPG?resize=320%2C240&#038;ssl=1\" width=\"320\" data-recalc-dims=\"1\" \/><\/a><\/div>\n<p>Zudem kommt das schlechte Wetter immer n\u00e4her und die Winterpause zeigt drohend ihre Fratze. Obwohl ich es jedes Jahr vermeiden kann ganz die Fliegerei einzustellen, werden die fliegbaren Tage immer weniger und es kann durchaus eine L\u00fccke von ein oder zwei Monaten entstehen &#8211; auch wenn ich jedes Jahr versuche so eine L\u00fccke zu vermeiden.<br \/>\nAlles in Allem hat also die Zeit begonnen, in der ich jede Chance zum Fliegen nutzen will bzw. muss. <\/p>\n<div class=\"separator\" style=\"clear: both; text-align: center;\">\n<a href=\"https:\/\/i0.wp.com\/2.bp.blogspot.com\/-pFQzoaMmi7Q\/WAJgqeMs9qI\/AAAAAAAADKo\/WJnrvnjn824oiTsQ1Y9yIJnxifgB3Kx8QCLcB\/s1600\/GOPR9188.JPG?ssl=1\" imageanchor=\"1\" style=\"clear: right; float: right; margin-bottom: 1em; margin-left: 1em;\"><img loading=\"lazy\" decoding=\"async\" border=\"0\" height=\"240\" src=\"https:\/\/i0.wp.com\/2.bp.blogspot.com\/-pFQzoaMmi7Q\/WAJgqeMs9qI\/AAAAAAAADKo\/WJnrvnjn824oiTsQ1Y9yIJnxifgB3Kx8QCLcB\/s320\/GOPR9188.JPG?resize=320%2C240&#038;ssl=1\" width=\"320\" data-recalc-dims=\"1\" \/><\/a><\/div>\n<p>Leider kommt dieses Wochenende aber das Schleppen in Wallertheim wieder nicht zustande und daher bin ich heute nur an den Hang nach Reichenbach. Um die Mittagszeit war es da wohl ziemlich knackig, wie mir bei meiner Ankunft erz\u00e4hlt wurde. <\/p>\n<div class=\"separator\" style=\"clear: both; text-align: center;\">\n<a href=\"https:\/\/i0.wp.com\/3.bp.blogspot.com\/-s_NldXN-rFU\/WAJg1hTyzjI\/AAAAAAAADKw\/rf_AEXQYU3QaZlewk8niOhGlVTt381YOQCLcB\/s1600\/GOPR9207.JPG?ssl=1\" imageanchor=\"1\" style=\"clear: left; float: left; margin-bottom: 1em; margin-right: 1em;\"><img loading=\"lazy\" decoding=\"async\" border=\"0\" height=\"240\" src=\"https:\/\/i0.wp.com\/3.bp.blogspot.com\/-s_NldXN-rFU\/WAJg1hTyzjI\/AAAAAAAADKw\/rf_AEXQYU3QaZlewk8niOhGlVTt381YOQCLcB\/s320\/GOPR9207.JPG?resize=320%2C240&#038;ssl=1\" width=\"320\" data-recalc-dims=\"1\" \/><\/a><\/div>\n<p>Aber als ich gegen 13:30 Uhr ankam, wurden die Bedinungen moderat. Am<br \/>\nAnfang ging es dabei sogar noch ganz gut fliegen, aber der Wind hat mir dann zu viel nachgelassen.<\/p>\n<div class=\"separator\" style=\"clear: both; text-align: center;\">\n<a href=\"https:\/\/i0.wp.com\/3.bp.blogspot.com\/-2QGbx4bWulg\/WAJg3l65IUI\/AAAAAAAADK4\/X2aIw9y8JeQtS6kJbXDCR77cBE4sC1fYQCLcB\/s1600\/GOPR9228.JPG?ssl=1\" imageanchor=\"1\" style=\"clear: right; float: right; margin-bottom: 1em; margin-left: 1em;\"><img loading=\"lazy\" decoding=\"async\" border=\"0\" height=\"240\" src=\"https:\/\/i0.wp.com\/3.bp.blogspot.com\/-2QGbx4bWulg\/WAJg3l65IUI\/AAAAAAAADK4\/X2aIw9y8JeQtS6kJbXDCR77cBE4sC1fYQCLcB\/s320\/GOPR9228.JPG?resize=320%2C240&#038;ssl=1\" width=\"320\" data-recalc-dims=\"1\" \/><\/a><\/div>\n<p>Man hat in der Phase ganz deutlich gemerkt, dass Leichtgewichte sich<br \/>\nimmer noch ganz gut halten konnten, w\u00e4hrend der Wind f\u00fcr schwere Jungs<br \/>\nwie mich zu schwach wurde. <\/p>\n<div class=\"separator\" style=\"clear: both; text-align: center;\">\n<a href=\"https:\/\/i0.wp.com\/2.bp.blogspot.com\/-rmz3mNE_MlM\/WAJg3UdT5FI\/AAAAAAAADK0\/0_hqdo_mfFoSEslI-VeOLnNfyEsF3FazwCLcB\/s1600\/GOPR9437.JPG?ssl=1\" imageanchor=\"1\" style=\"clear: left; float: left; margin-bottom: 1em; margin-right: 1em;\"><img loading=\"lazy\" decoding=\"async\" border=\"0\" height=\"240\" src=\"https:\/\/i0.wp.com\/2.bp.blogspot.com\/-rmz3mNE_MlM\/WAJg3UdT5FI\/AAAAAAAADK0\/0_hqdo_mfFoSEslI-VeOLnNfyEsF3FazwCLcB\/s320\/GOPR9437.JPG?resize=320%2C240&#038;ssl=1\" width=\"320\" data-recalc-dims=\"1\" \/><\/a><\/div>\n<p>Der Tag war damit bei Weitem nicht so gut wie das letzte Mal. Aber immerhin war ich in der Luft und konnte etwas h\u00fcpfen und mit dem Schirmchen spielen. Um 15:30 Uhr habe ich zusammengepackt. Vielleicht geht ja morgen noch was.<\/p>\n","protected":false},"excerpt":{"rendered":"<p>Die letzte Woche war ich beruflich komplett in K\u00f6ln und auch schon die Tage davor standen Schulungen an. Das ist jedes Jahr gleich. Im Sommer habe ich viel Zeit und Flexibilit\u00e4t, um bei passenden Bedingungen an den Hang zu gehen. Schreiben von Computerb\u00fcchern und Aufnahmen von Videotrainings sind genauso wenig zeitgebunden wie die Korrekturen meiner &hellip; <a href=\"https:\/\/fliegerblog.rjs.de\/?p=1199\" class=\"more-link\"><span class=\"screen-reader-text\">\u201eDie Winterpause kommt n\u00e4her\u201c<\/span> weiterlesen<\/a><\/p>\n","protected":false},"author":1,"featured_media":0,"comment_status":"open","ping_status":"open","sticky":false,"template":"","format":"standard","meta":{"jetpack_post_was_ever_published":false,"footnotes":"","jetpack_publicize_message":"","jetpack_is_tweetstorm":false,"jetpack_publicize_feature_enabled":true,"jetpack_social_options":[]},"categories":[1],"tags":[],"class_list":["post-1199","post","type-post","status-publish","format-standard","hentry","category-uncategorized"],"jetpack_publicize_connections":[],"jetpack_featured_media_url":"","jetpack_shortlink":"https:\/\/wp.me\/p788kK-jl","jetpack-related-posts":[{"id":1647,"url":"https:\/\/fliegerblog.rjs.de\/?p=1647","url_meta":{"origin":1199,"position":0},"title":"Kurzschlepps die Zweite","date":"August 3, 2019","format":false,"excerpt":"Nachdem das Testival in Asslar aufgrund der Wetterprognosen abgesagt wurde (gerade wegen den Aussichten f\u00fcr Samstag), war ich f\u00fcr heute eigentlich nicht auf Fliegen eingestellt. Zumal eine Familienveranstaltung am Vormittag es sowieso zu sp\u00e4t f\u00fcr ein Schleppen in Singhofen gemacht h\u00e4tte, was auch erstmal angesetzt war. und dann doch abgesagt\u2026","rel":"","context":"\u00c4hnlicher Beitrag","img":{"alt_text":"","src":"https:\/\/i0.wp.com\/3.bp.blogspot.com\/-jLvON9O6wl0\/XUWqGQ4JbmI\/AAAAAAAAE8A\/zpEuVKv8_DkhAgfbyhjfEN9ZnqTR2aAPwCLcBGAs\/s320\/GOPR0415.JPG?resize=350%2C200&ssl=1","width":350,"height":200},"classes":[]},{"id":1283,"url":"https:\/\/fliegerblog.rjs.de\/?p=1283","url_meta":{"origin":1199,"position":1},"title":"Laurfenselden 2017 &#8211; das war heute der Start der dortigen Windensaison","date":"Juni 23, 2017","format":false,"excerpt":"Tja, da haben wir heute endlich die Windensaison 2017 in Laufenselden er\u00f6ffnet. Nachdem das halbe Jahr schon durch ist, schien es f\u00fcr heute endlich mal zu passen. Gute Wetterprognosen, Windenfahrer fit und 10 Anmeldungen auf der Doodle-Liste (1 Windenfahrer und 9 Flieger). Bis heute morgen hatte sich die Zahl der\u2026","rel":"","context":"\u00c4hnlicher Beitrag","img":{"alt_text":"","src":"https:\/\/i0.wp.com\/4.bp.blogspot.com\/-I6XAjSKUQ_g\/WU1OzLAxR2I\/AAAAAAAADek\/j92TKE6qiWc3loGnhMLaxYX4uYiwqCr2wCLcBGAs\/s320\/GOPR4369.JPG?resize=350%2C200&ssl=1","width":350,"height":200},"classes":[]},{"id":182,"url":"https:\/\/fliegerblog.rjs.de\/?p=182","url_meta":{"origin":1199,"position":2},"title":"Unternberg","date":"Mai 23, 2009","format":false,"excerpt":"Seit Donnerstag ist in K\u00f6ssen das Super Paragliding Testival. M.a.W. - es sind hier zig Flieger und am K\u00f6ssener Hausberg - dem Underberghorn - ist es sauvoll in der Luft. Darauf hatten wir keinen Bock und wir sind am Donnerstag an den Underberg in Ruhpolding ausgewichen. Leider waren die Bedingungen\u2026","rel":"","context":"In &quot;Allgemein&quot;","img":{"alt_text":"","src":"","width":0,"height":0},"classes":[]},{"id":1165,"url":"https:\/\/fliegerblog.rjs.de\/?p=1165","url_meta":{"origin":1199,"position":3},"title":"Recht ergiebiger Schlepp-Samstag","date":"Juli 16, 2016","format":false,"excerpt":"Ich hatte mich schon fr\u00fch in der Woche zum Schleppen in Wallertheim angemeldet. Nur ist der Schlepptermin heute leider nicht zustande gekommen. Vollkommen \u00fcberraschend hat aber mein Gleitschirmverein f\u00fcr heute ebenfalls einen Schlepptermin angesetzt. Ganz kurzfristig. Normalerweise k\u00f6nnen wir am Wochenende nicht auf dem Flugplatz in Laufenselden schleppen, weil da\u2026","rel":"","context":"\u00c4hnlicher Beitrag","img":{"alt_text":"","src":"","width":0,"height":0},"classes":[]},{"id":78,"url":"https:\/\/fliegerblog.rjs.de\/?p=78","url_meta":{"origin":1199,"position":4},"title":"Kleine Erfolgserlebnisse","date":"Juli 21, 2007","format":false,"excerpt":"Wieder einmal hat ein Tag sehr viel versprochen, aber nicht alles gehalten. F\u00fcr heute war so gut wie kein Wind angek\u00fcndigt, daf\u00fcr aber recht gute Thermik. Im Grunde ideale Bedingungen f\u00fcrs Schleppen. Die Kollegen von den RML haben im Vorfeld bereits f\u00fcr heute Ihre Pl\u00e4ne f\u00fcr Streckenfliegen angek\u00fcndigt, dann aber\u2026","rel":"","context":"In &quot;Allgemein&quot;","img":{"alt_text":"","src":"https:\/\/i0.wp.com\/img.youtube.com\/vi\/tFobyr9bUL8\/0.jpg?resize=350%2C200","width":350,"height":200},"classes":[]},{"id":266,"url":"https:\/\/fliegerblog.rjs.de\/?p=266","url_meta":{"origin":1199,"position":5},"title":"Geile Route","date":"November 21, 2009","format":false,"excerpt":"Und gleich noch ein 3. Mal Reichenbach. Heute waren die Bedingungen zwar nicht so gut wie Donnerstag, aber etwas besser wie gestern. War von 11:30 Uhr - 14:00 Uhr am Hang. War wieder sch\u00f6n sonnig, aber der Wind kam meist - wie die letzten Tage - zu weit aus Ost.\u2026","rel":"","context":"In &quot;Allgemein&quot;","img":{"alt_text":"","src":"","width":0,"height":0},"classes":[]}],"_links":{"self":[{"href":"https:\/\/fliegerblog.rjs.de\/index.php?rest_route=\/wp\/v2\/posts\/1199","targetHints":{"allow":["GET"]}}],"collection":[{"href":"https:\/\/fliegerblog.rjs.de\/index.php?rest_route=\/wp\/v2\/posts"}],"about":[{"href":"https:\/\/fliegerblog.rjs.de\/index.php?rest_route=\/wp\/v2\/types\/post"}],"author":[{"embeddable":true,"href":"https:\/\/fliegerblog.rjs.de\/index.php?rest_route=\/wp\/v2\/users\/1"}],"replies":[{"embeddable":true,"href":"https:\/\/fliegerblog.rjs.de\/index.php?rest_route=%2Fwp%2Fv2%2Fcomments&post=1199"}],"version-history":[{"count":1,"href":"https:\/\/fliegerblog.rjs.de\/index.php?rest_route=\/wp\/v2\/posts\/1199\/revisions"}],"predecessor-version":[{"id":1200,"href":"https:\/\/fliegerblog.rjs.de\/index.php?rest_route=\/wp\/v2\/posts\/1199\/revisions\/1200"}],"wp:attachment":[{"href":"https:\/\/fliegerblog.rjs.de\/index.php?rest_route=%2Fwp%2Fv2%2Fmedia&parent=1199"}],"wp:term":[{"taxonomy":"category","embeddable":true,"href":"https:\/\/fliegerblog.rjs.de\/index.php?rest_route=%2Fwp%2Fv2%2Fcategories&post=1199"},{"taxonomy":"post_tag","embeddable":true,"href":"https:\/\/fliegerblog.rjs.de\/index.php?rest_route=%2Fwp%2Fv2%2Ftags&post=1199"}],"curies":[{"name":"wp","href":"https:\/\/api.w.org\/{rel}","templated":true}]}}