{"id":118,"date":"2007-02-22T20:02:00","date_gmt":"2007-02-22T20:02:00","guid":{"rendered":"http:\/\/www.rjs.de\/fliegerblog\/?p=118"},"modified":"2007-02-22T20:02:00","modified_gmt":"2007-02-22T20:02:00","slug":"echter-hohenflug-mit-sch-landung","status":"publish","type":"post","link":"https:\/\/fliegerblog.rjs.de\/?p=118","title":{"rendered":"Echter H\u00f6henflug mit Sch&#8230; Landung"},"content":{"rendered":"<p>Moderater SW und strahlender Sonnenschein. Wir sind zu 4. in die N\u00e4he von Bad KH zu einem alten Weinberg. Recht hoch und sehr steil. Keine Zwischenlandung im Hang m\u00f6glich. Entweder Top-Landung oder ganz unten. Wind war nicht ganz so gut wie gehofft, aber ich habe die ersten 2 Toplandungen meiner Fliegerlaufbahn hinbekommen. Zwar mehr schlecht als recht aber immerhin. Dann noch einen Flug ins Tal zum Landeplatz. Und dabei leider bemerkt, dass mir die Routine bei der Landeeinteilung aus gr\u00f6\u00dferen H\u00f6hen fehlt. Zwar viel am Hang geflogen, aber die H\u00f6heneinsch\u00e4tzung mit Vollkreisen und Abachtern passte gar nicht. Viel zu hoch in den Platz reingeflogen und hinten wurde es eng und enger. Direkt vor einer gr\u00f6\u00dferen Grillh\u00fctte und zwei Spazierg\u00e4ngern mit letzter M\u00fche runter gekommen. Mein Schirm hat sich auf die H\u00fctte abgelegt. Da hat wirklich gar nicht viel gefehlt. Au ha. So was muss ich wieder mehr \u00fcben. Aber der Landeplatz ist auch ziemlich klein und mit B\u00e4umen, Hochspannungsleitung, Z\u00e4une etc. wirklich nicht einfach.<\/p>\n<div class=\"blogger-post-footer\"><script type=\"text\/javascript\"><!--\ngoogle_ad_client = \"pub-4702984279656494\";\ngoogle_ad_width = 468;\ngoogle_ad_height = 60;\ngoogle_ad_format = \"468x60_as_rimg\";\ngoogle_cpa_choice = \"CAAQlNHphwIaCFxy_-mnISvEKNDv6n4\";\ngoogle_ad_channel = \"0174140724\";\n\/\/--><\/script><br \/>\n<script type=\"text\/javascript\" src=\"http:\/\/pagead2.googlesyndication.com\/pagead\/show_ads.js\">\n<\/script><\/div>\n","protected":false},"excerpt":{"rendered":"<p>Moderater SW und strahlender Sonnenschein. Wir sind zu 4. in die N\u00e4he von Bad KH zu einem alten Weinberg. Recht hoch und sehr steil. Keine Zwischenlandung im Hang m\u00f6glich. Entweder Top-Landung oder ganz unten. Wind war nicht ganz so gut wie gehofft, aber ich habe die ersten 2 Toplandungen meiner Fliegerlaufbahn hinbekommen. Zwar mehr schlecht &hellip; <a href=\"https:\/\/fliegerblog.rjs.de\/?p=118\" class=\"more-link\"><span class=\"screen-reader-text\">\u201eEchter H\u00f6henflug mit Sch&#8230; Landung\u201c<\/span> weiterlesen<\/a><\/p>\n","protected":false},"author":1,"featured_media":0,"comment_status":"open","ping_status":"open","sticky":false,"template":"","format":"standard","meta":{"jetpack_post_was_ever_published":false,"footnotes":"","jetpack_publicize_message":"","jetpack_is_tweetstorm":false,"jetpack_publicize_feature_enabled":true,"jetpack_social_options":[]},"categories":[2],"tags":[],"class_list":["post-118","post","type-post","status-publish","format-standard","hentry","category-allgemein"],"jetpack_publicize_connections":[],"jetpack_featured_media_url":"","jetpack_shortlink":"https:\/\/wp.me\/p788kK-1U","jetpack-related-posts":[{"id":453,"url":"https:\/\/fliegerblog.rjs.de\/?p=453","url_meta":{"origin":118,"position":0},"title":"Endlich einmal wieder &#8211; Schleppen in Neu Anspach","date":"August 4, 2011","format":false,"excerpt":"Die letzten Jahre war ich ziemlich oft zum Schleppen in Neu Anspach auf dem Flugplatz. Aber dieses Jahr war bisher der Wurm drin. Erst 1x ging es \u00fcberhaupt da mit Schleppen (erst Winde kaputt und dann Mistwetter an den geplanten Schleptagen) und da konnte ich nicht :-(. Aber heute sah\u2026","rel":"","context":"In &quot;Allgemein&quot;","img":{"alt_text":"","src":"","width":0,"height":0},"classes":[]},{"id":921,"url":"https:\/\/fliegerblog.rjs.de\/?p=921","url_meta":{"origin":118,"position":1},"title":"Mein erster 2015-Schlepp in Laufenselden","date":"April 24, 2015","format":false,"excerpt":"Letzten Freitag haben die Gleitschirmfreunde Taunusstein die Schlepp-Saison 2015 in Laufenselden er\u00f6ffnet. Mir waren f\u00fcr den Tag die Prognosen und dann am Vormittag auch die Messwerte zu heftig und ich bin deshalb nicht hin. War wohl auch berechtigt, denn da kamen den ganzen Nachmittag nur 2 Schlepps unter wohl recht\u2026","rel":"","context":"In &quot;Allgemein&quot;","img":{"alt_text":"","src":"","width":0,"height":0},"classes":[]},{"id":1022,"url":"https:\/\/fliegerblog.rjs.de\/?p=1022","url_meta":{"origin":118,"position":2},"title":"H\u00e4uptling Naz Arflu Egel","date":"Dezember 27, 2015","format":false,"excerpt":"In diesen Tagen wird der Schirm jedes Mal total nass, wenn man an den Hang geht. Auch wenn die Sonne durchkommt und der Hang eigentlich abgetrocknet sein m\u00fcsste. Ich war heute gegen 11:30 Uhr als Erster am Hang in Reichenbach und nach kurzer Zeit ist beim Fliegen bereits das Wasser\u2026","rel":"","context":"\u00c4hnlicher Beitrag","img":{"alt_text":"","src":"https:\/\/i0.wp.com\/3.bp.blogspot.com\/-mKd66gw3BD8\/VoAODTnqbCI\/AAAAAAAACyo\/KZH5n3itKrw\/s400\/IMG_20151227_132656.jpg?resize=350%2C200","width":350,"height":200},"classes":[]},{"id":38,"url":"https:\/\/fliegerblog.rjs.de\/?p=38","url_meta":{"origin":118,"position":3},"title":"Fliegerfest Lasserg","date":"August 16, 2008","format":false,"excerpt":"F\u00fcr Sonntag haben wir einen Schlepp geplant, aber nachdem dort aus dem Nichts ein J\u00e4gerhochsitz in die Schleppstrecke gebaut wurde (das past zu dem Scheuchenjahr 2008 :-( ), f\u00e4llt die Sache morgen wohl wieder aus.Aus lauter Frust bin ich auf das Fliegerfest nach Lasserg an der Mosel (da war ich\u2026","rel":"","context":"In &quot;Allgemein&quot;","img":{"alt_text":"","src":"https:\/\/i0.wp.com\/img.youtube.com\/vi\/IxAmzzp8kCc\/0.jpg?resize=350%2C200","width":350,"height":200},"classes":[]},{"id":200,"url":"https:\/\/fliegerblog.rjs.de\/?p=200","url_meta":{"origin":118,"position":4},"title":"Zwischenhoch","date":"Juli 27, 2009","format":false,"excerpt":"Z.Z. wird man als Gleitschirmflieger mit dem Wetter einfach nicht gl\u00fccklich. Zwar ist es warm und immer wieder sonnig, aber auch st\u00e4ndig liegen Gewitter, Regen und zuviel Wind in der Luft :-(. Und gerade am Wochenende ist es meist am \u00fcbelsten :-(. Heute war aber mal wieder vern\u00fcnftiger SW mit\u2026","rel":"","context":"In &quot;Allgemein&quot;","img":{"alt_text":"","src":"","width":0,"height":0},"classes":[]},{"id":554,"url":"https:\/\/fliegerblog.rjs.de\/?p=554","url_meta":{"origin":118,"position":5},"title":"Mehr als erwartet","date":"Juni 17, 2012","format":false,"excerpt":"Morgen fliege ich wieder vom Frankfurter Flughafen nach Graz zum Einspielen neuer Schulungsvideos bei Video2Brain. Von daher gibt es wieder Luftaussichten aus gro\u00dfer H\u00f6he. Auf Flachland, Alpen & Co. Aber heute wollte ich nochmal selbst die Richtung in der Luft angeben. Zumal ich n\u00e4chstes Wochenende erst zur\u00fcckfliege und auch Sonntag\u2026","rel":"","context":"In &quot;Allgemein&quot;","img":{"alt_text":"","src":"","width":0,"height":0},"classes":[]}],"_links":{"self":[{"href":"https:\/\/fliegerblog.rjs.de\/index.php?rest_route=\/wp\/v2\/posts\/118","targetHints":{"allow":["GET"]}}],"collection":[{"href":"https:\/\/fliegerblog.rjs.de\/index.php?rest_route=\/wp\/v2\/posts"}],"about":[{"href":"https:\/\/fliegerblog.rjs.de\/index.php?rest_route=\/wp\/v2\/types\/post"}],"author":[{"embeddable":true,"href":"https:\/\/fliegerblog.rjs.de\/index.php?rest_route=\/wp\/v2\/users\/1"}],"replies":[{"embeddable":true,"href":"https:\/\/fliegerblog.rjs.de\/index.php?rest_route=%2Fwp%2Fv2%2Fcomments&post=118"}],"version-history":[{"count":0,"href":"https:\/\/fliegerblog.rjs.de\/index.php?rest_route=\/wp\/v2\/posts\/118\/revisions"}],"wp:attachment":[{"href":"https:\/\/fliegerblog.rjs.de\/index.php?rest_route=%2Fwp%2Fv2%2Fmedia&parent=118"}],"wp:term":[{"taxonomy":"category","embeddable":true,"href":"https:\/\/fliegerblog.rjs.de\/index.php?rest_route=%2Fwp%2Fv2%2Fcategories&post=118"},{"taxonomy":"post_tag","embeddable":true,"href":"https:\/\/fliegerblog.rjs.de\/index.php?rest_route=%2Fwp%2Fv2%2Ftags&post=118"}],"curies":[{"name":"wp","href":"https:\/\/api.w.org\/{rel}","templated":true}]}}