{"id":116,"date":"2007-03-10T20:40:00","date_gmt":"2007-03-10T20:40:00","guid":{"rendered":"http:\/\/www.rjs.de\/fliegerblog\/?p=116"},"modified":"2007-03-10T20:40:00","modified_gmt":"2007-03-10T20:40:00","slug":"das-war-der-hammer","status":"publish","type":"post","link":"https:\/\/fliegerblog.rjs.de\/?p=116","title":{"rendered":"Das war der Hammer"},"content":{"rendered":"<p>Dachte schon mehrfach, dass mein Flugtag richtig gut war und es kaum besser geht. Und offensichtlich brauche ich eine immer h\u00f6here Dosis der Flugdroge, bis ich begeistert bin. Dennoch- der letzte Donnerstag war schon wirklich saugut, aber heute hat alles bisher getoppt. Ich war um 10:00 Uhr der Erste am Hang (MFK &#8211; NW-Hang) und gegen 17:00 Uhr als Letzter wegggegangen. <br \/>Dazwischen nur geflogen. Kaum dem Hang runter gewesen, wieder hochgehetzt und sofort wieder runter. Kann nicht z\u00e4hlen, wie oft ich in der Luft war. Ich bin fix und fertig. Aber es ging zeitweise derma\u00dfen saugeil. Mehrfach Start\u00fcberh\u00f6hung gehabt und am Hang richtig gut halten k\u00f6nnen. Das lag an den guten Bedingungen, aber ich denke, so langsam lerne ich auch immer besser das Fliegen. Dazu Sonne ohne Ende. Das war ein Tag, den sollte man rot im Kalender anstreichen.<\/p>\n<div class=\"blogger-post-footer\"><script type=\"text\/javascript\"><!--\ngoogle_ad_client = \"pub-4702984279656494\";\ngoogle_ad_width = 468;\ngoogle_ad_height = 60;\ngoogle_ad_format = \"468x60_as_rimg\";\ngoogle_cpa_choice = \"CAAQlNHphwIaCFxy_-mnISvEKNDv6n4\";\ngoogle_ad_channel = \"0174140724\";\n\/\/--><\/script><br \/>\n<script type=\"text\/javascript\" src=\"http:\/\/pagead2.googlesyndication.com\/pagead\/show_ads.js\">\n<\/script><\/div>\n","protected":false},"excerpt":{"rendered":"<p>Dachte schon mehrfach, dass mein Flugtag richtig gut war und es kaum besser geht. Und offensichtlich brauche ich eine immer h\u00f6here Dosis der Flugdroge, bis ich begeistert bin. Dennoch- der letzte Donnerstag war schon wirklich saugut, aber heute hat alles bisher getoppt. Ich war um 10:00 Uhr der Erste am Hang (MFK &#8211; NW-Hang) und &hellip; <a href=\"https:\/\/fliegerblog.rjs.de\/?p=116\" class=\"more-link\"><span class=\"screen-reader-text\">\u201eDas war der Hammer\u201c<\/span> weiterlesen<\/a><\/p>\n","protected":false},"author":1,"featured_media":0,"comment_status":"open","ping_status":"open","sticky":false,"template":"","format":"standard","meta":{"jetpack_post_was_ever_published":false,"footnotes":"","jetpack_publicize_message":"","jetpack_is_tweetstorm":false,"jetpack_publicize_feature_enabled":true,"jetpack_social_options":[]},"categories":[2],"tags":[],"class_list":["post-116","post","type-post","status-publish","format-standard","hentry","category-allgemein"],"jetpack_publicize_connections":[],"jetpack_featured_media_url":"","jetpack_shortlink":"https:\/\/wp.me\/p788kK-1S","jetpack-related-posts":[{"id":1355,"url":"https:\/\/fliegerblog.rjs.de\/?p=1355","url_meta":{"origin":116,"position":0},"title":"Flashmob am Hang","date":"Januar 14, 2018","format":false,"excerpt":"Was war das eine elend lange fluglose Zeit. Ich kann mich nicht entsinnen, dass ich - seit ich fliege - schon einen Winter oder eine andere Zeitspanne im Jahr erlebt habe, in der es solange keine Chance auf Airtime gab. Die ganz, ganz wenigen potentiellen M\u00f6glichkeiten \u00fcberhaupt habe ich verpasst\u2026","rel":"","context":"\u00c4hnlicher Beitrag","img":{"alt_text":"","src":"https:\/\/i0.wp.com\/3.bp.blogspot.com\/-Z-hdM9iAuts\/WluAT1LYhGI\/AAAAAAAADrE\/WGrUkp-DKH8xrusslwElruu97Yx96WwOQCLcBGAs\/s320\/GOPR8074.JPG?resize=350%2C200&ssl=1","width":350,"height":200},"classes":[]},{"id":1551,"url":"https:\/\/fliegerblog.rjs.de\/?p=1551","url_meta":{"origin":116,"position":1},"title":"Heute mal 15 Grad+","date":"Februar 16, 2019","format":false,"excerpt":"Nachdem ich gestern f\u00fcr den Tripp auf die Waku doch ein paar Kilometer runtergeschrubbt und zudem wegen dem super Wetter einen riesigen Andrang (Flieger, aber auch Touris und Skifahrer) erwartet hatte, wollte ich heute in der N\u00e4he bleiben und eine eher ruhige Location nutzen. Ich musste sowieso in den Taunus\u2026","rel":"","context":"\u00c4hnlicher Beitrag","img":{"alt_text":"","src":"https:\/\/i0.wp.com\/3.bp.blogspot.com\/-Ng2SIIPdG70\/XGhrOzAh5BI\/AAAAAAAAEbg\/cFPfGhTGM5glfQ8OqqAlNWwXEsLjAnQFACLcBGAs\/s320\/GOPR6004.JPG?resize=350%2C200&ssl=1","width":350,"height":200},"classes":[]},{"id":266,"url":"https:\/\/fliegerblog.rjs.de\/?p=266","url_meta":{"origin":116,"position":2},"title":"Geile Route","date":"November 21, 2009","format":false,"excerpt":"Und gleich noch ein 3. Mal Reichenbach. Heute waren die Bedingungen zwar nicht so gut wie Donnerstag, aber etwas besser wie gestern. War von 11:30 Uhr - 14:00 Uhr am Hang. War wieder sch\u00f6n sonnig, aber der Wind kam meist - wie die letzten Tage - zu weit aus Ost.\u2026","rel":"","context":"In &quot;Allgemein&quot;","img":{"alt_text":"","src":"","width":0,"height":0},"classes":[]},{"id":720,"url":"https:\/\/fliegerblog.rjs.de\/?p=720","url_meta":{"origin":116,"position":3},"title":"Er\u00f6ffnung der Flugsaison 2014","date":"Januar 12, 2014","format":false,"excerpt":"Das hat heute mal wieder richtig Laune beim Spielen in Reichenbach gemacht. Die letzten Tage habe ich mich mehrmals falsch entschieden, bin nicht an den Hang und dann war es da mehrfach richtig gut gegangen. Oder ich musste bei guten Flugbedingungen arbeiten. Aber heute hat es gepasst, obwohl die Prognosen\u2026","rel":"","context":"In &quot;Allgemein&quot;","img":{"alt_text":"","src":"https:\/\/i0.wp.com\/4.bp.blogspot.com\/-PqjAq_5nlR8\/UtLe3naDMtI\/AAAAAAAABnA\/IHKOauthuIk\/s1600\/GOPR2873.JPG?resize=350%2C200","width":350,"height":200},"classes":[]},{"id":573,"url":"https:\/\/fliegerblog.rjs.de\/?p=573","url_meta":{"origin":116,"position":4},"title":"Gro\u00dfe Sche&#8230;,","date":"September 5, 2012","format":false,"excerpt":"dass meine Kamera f\u00fcr die Abendsession keine Batterie mehr hatte. Und ich nicht sicher bin, ob das heute der \"Best day ever\" am MFK war. Rein gef\u00fchlsm\u00e4\u00dfig ja, aber nach so einem Tag ver\u00e4ndern Endorphine die Wahrnehmung und Erinnerung. Kann also durchaus sein, dass wir schon mal so Hammertage an\u2026","rel":"","context":"In &quot;Allgemein&quot;","img":{"alt_text":"","src":"","width":0,"height":0},"classes":[]},{"id":246,"url":"https:\/\/fliegerblog.rjs.de\/?p=246","url_meta":{"origin":116,"position":5},"title":"Nordwindtag am Hang","date":"Oktober 15, 2009","format":false,"excerpt":"Die letzten Tage stand schon Nordwind an. Und gestern sind sie hervorragend geflogen, wie ich geh\u00f6rt habe. Musste allerdings arbeiten. Heute hatte ich aber den ganzen Tag freigehalten und war schon um 11:00 Uhr am Hang. Ging auch ne gute Stunde richtig gut zu fliegen. Dann ist der Wind zu\u2026","rel":"","context":"In &quot;Allgemein&quot;","img":{"alt_text":"","src":"","width":0,"height":0},"classes":[]}],"_links":{"self":[{"href":"https:\/\/fliegerblog.rjs.de\/index.php?rest_route=\/wp\/v2\/posts\/116","targetHints":{"allow":["GET"]}}],"collection":[{"href":"https:\/\/fliegerblog.rjs.de\/index.php?rest_route=\/wp\/v2\/posts"}],"about":[{"href":"https:\/\/fliegerblog.rjs.de\/index.php?rest_route=\/wp\/v2\/types\/post"}],"author":[{"embeddable":true,"href":"https:\/\/fliegerblog.rjs.de\/index.php?rest_route=\/wp\/v2\/users\/1"}],"replies":[{"embeddable":true,"href":"https:\/\/fliegerblog.rjs.de\/index.php?rest_route=%2Fwp%2Fv2%2Fcomments&post=116"}],"version-history":[{"count":0,"href":"https:\/\/fliegerblog.rjs.de\/index.php?rest_route=\/wp\/v2\/posts\/116\/revisions"}],"wp:attachment":[{"href":"https:\/\/fliegerblog.rjs.de\/index.php?rest_route=%2Fwp%2Fv2%2Fmedia&parent=116"}],"wp:term":[{"taxonomy":"category","embeddable":true,"href":"https:\/\/fliegerblog.rjs.de\/index.php?rest_route=%2Fwp%2Fv2%2Fcategories&post=116"},{"taxonomy":"post_tag","embeddable":true,"href":"https:\/\/fliegerblog.rjs.de\/index.php?rest_route=%2Fwp%2Fv2%2Ftags&post=116"}],"curies":[{"name":"wp","href":"https:\/\/api.w.org\/{rel}","templated":true}]}}