{"id":115,"date":"2007-03-08T18:04:00","date_gmt":"2007-03-08T18:04:00","guid":{"rendered":"http:\/\/www.rjs.de\/fliegerblog\/?p=115"},"modified":"2007-03-08T18:04:00","modified_gmt":"2007-03-08T18:04:00","slug":"saugeiler-flugtag","status":"publish","type":"post","link":"https:\/\/fliegerblog.rjs.de\/?p=115","title":{"rendered":"Saugeiler Flugtag"},"content":{"rendered":"<p>Wind aus NW. Klarer Fall f\u00fcr MFK. Zeitweise ideale Bedingungen. Bin bisher noch nie so gut und viel an einem Tag gesoart. Einmal beim Soaren zu viel getr\u00e4umt und fast in eine Telefonleitung geflogen. Harte Notlandung mit R\u00fcckenwind als Resultat. Muss auch an dem Hang wohl besser aufpassen.<\/p>\n<div class=\"blogger-post-footer\"><script type=\"text\/javascript\"><!--\ngoogle_ad_client = \"pub-4702984279656494\";\ngoogle_ad_width = 468;\ngoogle_ad_height = 60;\ngoogle_ad_format = \"468x60_as_rimg\";\ngoogle_cpa_choice = \"CAAQlNHphwIaCFxy_-mnISvEKNDv6n4\";\ngoogle_ad_channel = \"0174140724\";\n\/\/--><\/script><br \/>\n<script type=\"text\/javascript\" src=\"http:\/\/pagead2.googlesyndication.com\/pagead\/show_ads.js\">\n<\/script><\/div>\n","protected":false},"excerpt":{"rendered":"<p>Wind aus NW. Klarer Fall f\u00fcr MFK. Zeitweise ideale Bedingungen. Bin bisher noch nie so gut und viel an einem Tag gesoart. Einmal beim Soaren zu viel getr\u00e4umt und fast in eine Telefonleitung geflogen. Harte Notlandung mit R\u00fcckenwind als Resultat. Muss auch an dem Hang wohl besser aufpassen.<\/p>\n","protected":false},"author":1,"featured_media":0,"comment_status":"open","ping_status":"open","sticky":false,"template":"","format":"standard","meta":{"jetpack_post_was_ever_published":false,"footnotes":"","jetpack_publicize_message":"","jetpack_is_tweetstorm":false,"jetpack_publicize_feature_enabled":true,"jetpack_social_options":[]},"categories":[2],"tags":[],"class_list":["post-115","post","type-post","status-publish","format-standard","hentry","category-allgemein"],"jetpack_publicize_connections":[],"jetpack_featured_media_url":"","jetpack_shortlink":"https:\/\/wp.me\/p788kK-1R","jetpack-related-posts":[{"id":358,"url":"https:\/\/fliegerblog.rjs.de\/?p=358","url_meta":{"origin":115,"position":0},"title":"H\u00fcpfen &#038; Handlen","date":"August 1, 2010","format":false,"excerpt":"Reichenbach ist gem\u00e4ht und bis auf unsere alte Landewiese wieder offen. Gestern und heute war S\u00fcdwind angek\u00fcndigt und da wollte ich heute mal wieder hin. Z.Z. komme ich wenig an den Hang, da ich 1x viele Computerschulungen halte (auch ziemlich weit weg) und zudem umgezogen bin und da noch \u00e4tzend\u2026","rel":"","context":"In &quot;Allgemein&quot;","img":{"alt_text":"","src":"","width":0,"height":0},"classes":[]},{"id":94,"url":"https:\/\/fliegerblog.rjs.de\/?p=94","url_meta":{"origin":115,"position":1},"title":"Der Abend hat sich gelohnt","date":"Juli 30, 2007","format":false,"excerpt":"Der Tag heute hatte sehr viel versprochen. Guten Nordwest \u00fcber den ganzen Tag. Die Realit\u00e4t sah wie immer anders aus. Reiner West und viel zu b\u00f6ig den Tag \u00fcber. Bin deshalb mit meinen Kindern in einen Freizeitpark (hat sie richtig gefreut - mir wurde auf einem Karussell fast schlecht).Dann gegen\u2026","rel":"","context":"In &quot;Allgemein&quot;","img":{"alt_text":"","src":"","width":0,"height":0},"classes":[]},{"id":118,"url":"https:\/\/fliegerblog.rjs.de\/?p=118","url_meta":{"origin":115,"position":2},"title":"Echter H\u00f6henflug mit Sch&#8230; Landung","date":"Februar 22, 2007","format":false,"excerpt":"Moderater SW und strahlender Sonnenschein. Wir sind zu 4. in die N\u00e4he von Bad KH zu einem alten Weinberg. Recht hoch und sehr steil. Keine Zwischenlandung im Hang m\u00f6glich. Entweder Top-Landung oder ganz unten. Wind war nicht ganz so gut wie gehofft, aber ich habe die ersten 2 Toplandungen meiner\u2026","rel":"","context":"In &quot;Allgemein&quot;","img":{"alt_text":"","src":"","width":0,"height":0},"classes":[]},{"id":12,"url":"https:\/\/fliegerblog.rjs.de\/?p=12","url_meta":{"origin":115,"position":3},"title":"So ein Sch.. &#8211; mein Schirm bekommt keinen Check","date":"Dezember 27, 2008","format":false,"excerpt":"Ich glaube es nicht - mein gerade mal 2 Jahre alter Bodyguard bekommt keinen Check mehr :-(. Hab heute einen Anruf bekommen, dass das Teil nix mehr taugt. Oder ich soviel Geld reinstecken m\u00fcsste, dass sich die Sache nicht mehr lohnt.Die Leinen sind zu lang und fertig und halten angeblich\u2026","rel":"","context":"In &quot;Allgemein&quot;","img":{"alt_text":"","src":"","width":0,"height":0},"classes":[]},{"id":968,"url":"https:\/\/fliegerblog.rjs.de\/?p=968","url_meta":{"origin":115,"position":4},"title":"Kurz vor dem Hitzschlag","date":"August 7, 2015","format":false,"excerpt":"Man, war das heute wieder hei\u00df. In einigen Regionen hier wurden vermutlich die 40 Grad im Schatten geknackt und am Hang in Eschbach gab es wenig von diesem Schatten. Ich war gegen 12:45 Uhr am Hang und bin bis 17:00 Uhr geblieben. Zwischenzeitlich ist unser DGLC-Vorsitzender mal verschwunden und mit\u2026","rel":"","context":"In &quot;Allgemein&quot;","img":{"alt_text":"","src":"","width":0,"height":0},"classes":[]},{"id":1594,"url":"https:\/\/fliegerblog.rjs.de\/?p=1594","url_meta":{"origin":115,"position":5},"title":"So ganz sicher bin ich nicht, wie ich das heute werten soll","date":"Mai 12, 2019","format":false,"excerpt":"Die letzten Tage hatten viel f\u00fcr heute versprochen. Direkter Nordwind. Nur sah es heute morgen nach ziemlich viel Wind aus. Zumindest war es die letzten Male am Hang immer zu heftig, wenn man diese Vorhersagen hatte. Aber man muss einfach hinfahren. Ich war sowieso schon in Eppstein und nach vielen\u2026","rel":"","context":"\u00c4hnlicher Beitrag","img":{"alt_text":"","src":"https:\/\/i0.wp.com\/3.bp.blogspot.com\/-O677hnOF1y8\/XNhtOIHYXgI\/AAAAAAAAEt4\/I9wFkC2wNDM6aYO-ghM_PBV80AEye2ZggCLcBGAs\/s320\/WhatsApp%2BImage%2B2019-05-12%2Bat%2B19.02.37.jpeg?resize=350%2C200&ssl=1","width":350,"height":200},"classes":[]}],"_links":{"self":[{"href":"https:\/\/fliegerblog.rjs.de\/index.php?rest_route=\/wp\/v2\/posts\/115","targetHints":{"allow":["GET"]}}],"collection":[{"href":"https:\/\/fliegerblog.rjs.de\/index.php?rest_route=\/wp\/v2\/posts"}],"about":[{"href":"https:\/\/fliegerblog.rjs.de\/index.php?rest_route=\/wp\/v2\/types\/post"}],"author":[{"embeddable":true,"href":"https:\/\/fliegerblog.rjs.de\/index.php?rest_route=\/wp\/v2\/users\/1"}],"replies":[{"embeddable":true,"href":"https:\/\/fliegerblog.rjs.de\/index.php?rest_route=%2Fwp%2Fv2%2Fcomments&post=115"}],"version-history":[{"count":0,"href":"https:\/\/fliegerblog.rjs.de\/index.php?rest_route=\/wp\/v2\/posts\/115\/revisions"}],"wp:attachment":[{"href":"https:\/\/fliegerblog.rjs.de\/index.php?rest_route=%2Fwp%2Fv2%2Fmedia&parent=115"}],"wp:term":[{"taxonomy":"category","embeddable":true,"href":"https:\/\/fliegerblog.rjs.de\/index.php?rest_route=%2Fwp%2Fv2%2Fcategories&post=115"},{"taxonomy":"post_tag","embeddable":true,"href":"https:\/\/fliegerblog.rjs.de\/index.php?rest_route=%2Fwp%2Fv2%2Ftags&post=115"}],"curies":[{"name":"wp","href":"https:\/\/api.w.org\/{rel}","templated":true}]}}