{"id":114,"date":"2007-03-28T19:24:00","date_gmt":"2007-03-28T19:24:00","guid":{"rendered":"http:\/\/www.rjs.de\/fliegerblog\/?p=114"},"modified":"2007-03-28T19:24:00","modified_gmt":"2007-03-28T19:24:00","slug":"ost-nix-gut","status":"publish","type":"post","link":"https:\/\/fliegerblog.rjs.de\/?p=114","title":{"rendered":"Ost nix gut"},"content":{"rendered":"<p>Jetzt war zig Tage gutes Wetter und ich hatte keine Zeit. Nur geschafft. Rund um die Uhr. Und dann habe ich Zeit und es ist Ostwind. OST!! Das taugt hier rein gar nix. Aber zumindest konnte ich heute an einem kleinen \u00dcbungshang etwas Luft unter mich bekommen. Nichts besonderes, aber im Slalom rund um B\u00e4ume und B\u00fcsche zu kurven hat auch was anregendes. Das war heute wie Metadon &#8211; es hilft gegen Entzugserscheinungen.<\/p>\n<div class=\"blogger-post-footer\"><script type=\"text\/javascript\"><!--\ngoogle_ad_client = \"pub-4702984279656494\";\ngoogle_ad_width = 468;\ngoogle_ad_height = 60;\ngoogle_ad_format = \"468x60_as_rimg\";\ngoogle_cpa_choice = \"CAAQlNHphwIaCFxy_-mnISvEKNDv6n4\";\ngoogle_ad_channel = \"0174140724\";\n\/\/--><\/script><br \/>\n<script type=\"text\/javascript\" src=\"http:\/\/pagead2.googlesyndication.com\/pagead\/show_ads.js\">\n<\/script><\/div>\n","protected":false},"excerpt":{"rendered":"<p>Jetzt war zig Tage gutes Wetter und ich hatte keine Zeit. Nur geschafft. Rund um die Uhr. Und dann habe ich Zeit und es ist Ostwind. OST!! Das taugt hier rein gar nix. Aber zumindest konnte ich heute an einem kleinen \u00dcbungshang etwas Luft unter mich bekommen. Nichts besonderes, aber im Slalom rund um B\u00e4ume &hellip; <a href=\"https:\/\/fliegerblog.rjs.de\/?p=114\" class=\"more-link\"><span class=\"screen-reader-text\">\u201eOst nix gut\u201c<\/span> weiterlesen<\/a><\/p>\n","protected":false},"author":1,"featured_media":0,"comment_status":"open","ping_status":"open","sticky":false,"template":"","format":"standard","meta":{"jetpack_post_was_ever_published":false,"footnotes":"","jetpack_publicize_message":"","jetpack_is_tweetstorm":false,"jetpack_publicize_feature_enabled":true,"jetpack_social_options":[]},"categories":[2],"tags":[],"class_list":["post-114","post","type-post","status-publish","format-standard","hentry","category-allgemein"],"jetpack_publicize_connections":[],"jetpack_featured_media_url":"","jetpack_shortlink":"https:\/\/wp.me\/p788kK-1Q","jetpack-related-posts":[{"id":358,"url":"https:\/\/fliegerblog.rjs.de\/?p=358","url_meta":{"origin":114,"position":0},"title":"H\u00fcpfen &#038; Handlen","date":"August 1, 2010","format":false,"excerpt":"Reichenbach ist gem\u00e4ht und bis auf unsere alte Landewiese wieder offen. Gestern und heute war S\u00fcdwind angek\u00fcndigt und da wollte ich heute mal wieder hin. Z.Z. komme ich wenig an den Hang, da ich 1x viele Computerschulungen halte (auch ziemlich weit weg) und zudem umgezogen bin und da noch \u00e4tzend\u2026","rel":"","context":"In &quot;Allgemein&quot;","img":{"alt_text":"","src":"","width":0,"height":0},"classes":[]},{"id":368,"url":"https:\/\/fliegerblog.rjs.de\/?p=368","url_meta":{"origin":114,"position":1},"title":"Fliegen statt Kugelsto\u00dfen","date":"September 11, 2010","format":false,"excerpt":"Nachdem ich mir vor ein paar Wochen beim Laden nach dem letzten Flug meinen Fu\u00df ziemlich geprellt hatte, habe ich mir ihn letztes Wochenende beim H\u00fcpfen auf dem Trampolin gleich nochmal verknaxt (ab einem gewissen Alter sollte man den Quatsch wohl besser lassen). Dementsprechend war ich unsicher, ob ich heute\u2026","rel":"","context":"In &quot;Allgemein&quot;","img":{"alt_text":"","src":"","width":0,"height":0},"classes":[]},{"id":1547,"url":"https:\/\/fliegerblog.rjs.de\/?p=1547","url_meta":{"origin":114,"position":2},"title":"S\u00fcdhang Wasserkuppe","date":"Februar 15, 2019","format":false,"excerpt":"Dass ich auf die Wasserkuppe m\u00f6chte und es dann doch nicht mache, ist fast zu einem \"Running-Gag\" in meiner Fliegerkarriere geworden. Eigentlich kommt immer was dazwischen, wenn ich so einen Plan aufsetze oder ich gehe dann doch an einen anderen Hang. Obwohl ich auf der Wasserkuppe meine Ausbildung gemacht hatte,\u2026","rel":"","context":"\u00c4hnlicher Beitrag","img":{"alt_text":"","src":"https:\/\/i0.wp.com\/4.bp.blogspot.com\/-FjXKaPyIl4Q\/XGcKMTZLVtI\/AAAAAAAAEa0\/FNdjpWfYrSosc_MJ-nFZpsKjicPGKpQSQCLcBGAs\/s320\/WhatsApp%2BImage%2B2019-02-15%2Bat%2B14.08.22.jpeg?resize=350%2C200&ssl=1","width":350,"height":200},"classes":[]},{"id":48,"url":"https:\/\/fliegerblog.rjs.de\/?p=48","url_meta":{"origin":114,"position":3},"title":"Workout in den Ostgebieten","date":"Mai 3, 2008","format":false,"excerpt":"Es passt irgendwie nicht zusammen. Jetzt habe ich Zeit, 7 Sonnen sind am Himmel und es ist Ostwind. Ost ist hier zwar schlecht, aber z.Z. w\u00fcrde ich auch weiter fahren. Und dann sind die H\u00e4nge alle gesperrt wegen Heu, V\u00f6gel oder sonst was. Wir wollten heute schon nach Boos losfahren,\u2026","rel":"","context":"In &quot;Allgemein&quot;","img":{"alt_text":"","src":"","width":0,"height":0},"classes":[]},{"id":758,"url":"https:\/\/fliegerblog.rjs.de\/?p=758","url_meta":{"origin":114,"position":4},"title":"Winde oder Hang?","date":"April 25, 2014","format":false,"excerpt":"Das war heute die Frage. Bei den Gleitschirmfreunden Taunusstein war in Laufenselden Schleppen angesetzt. Aber die Prognosen sahen nach Ost bis teils SO aus. Zudem sollte der Wind in B\u00f6en recht kr\u00e4ftig werden. Die Bahn ist nach NO ausgerichtet und von daher war ich nicht ganz \u00fcberzeugt, dass das eine\u2026","rel":"","context":"In &quot;Allgemein&quot;","img":{"alt_text":"","src":"","width":0,"height":0},"classes":[]},{"id":1028,"url":"https:\/\/fliegerblog.rjs.de\/?p=1028","url_meta":{"origin":114,"position":5},"title":"Anfliegen 2016","date":"Januar 8, 2016","format":false,"excerpt":"Bei mir geht der Schulungsbetrieb erst n\u00e4chste Woche wieder los und eigentlich habe ich Zeit zum Fliegen. Aber jahreszeitentypisch war das Wetter die letzten Tage ziemlich bis extrem schlecht. Nur gestern muss es in Eschbach am Vormittag gut gegangen sein. Zwar kam am Nachmittag ein ekelhaftes Regengebiet reingezogen, aber was\u2026","rel":"","context":"\u00c4hnlicher Beitrag","img":{"alt_text":"","src":"","width":0,"height":0},"classes":[]}],"_links":{"self":[{"href":"https:\/\/fliegerblog.rjs.de\/index.php?rest_route=\/wp\/v2\/posts\/114","targetHints":{"allow":["GET"]}}],"collection":[{"href":"https:\/\/fliegerblog.rjs.de\/index.php?rest_route=\/wp\/v2\/posts"}],"about":[{"href":"https:\/\/fliegerblog.rjs.de\/index.php?rest_route=\/wp\/v2\/types\/post"}],"author":[{"embeddable":true,"href":"https:\/\/fliegerblog.rjs.de\/index.php?rest_route=\/wp\/v2\/users\/1"}],"replies":[{"embeddable":true,"href":"https:\/\/fliegerblog.rjs.de\/index.php?rest_route=%2Fwp%2Fv2%2Fcomments&post=114"}],"version-history":[{"count":0,"href":"https:\/\/fliegerblog.rjs.de\/index.php?rest_route=\/wp\/v2\/posts\/114\/revisions"}],"wp:attachment":[{"href":"https:\/\/fliegerblog.rjs.de\/index.php?rest_route=%2Fwp%2Fv2%2Fmedia&parent=114"}],"wp:term":[{"taxonomy":"category","embeddable":true,"href":"https:\/\/fliegerblog.rjs.de\/index.php?rest_route=%2Fwp%2Fv2%2Fcategories&post=114"},{"taxonomy":"post_tag","embeddable":true,"href":"https:\/\/fliegerblog.rjs.de\/index.php?rest_route=%2Fwp%2Fv2%2Ftags&post=114"}],"curies":[{"name":"wp","href":"https:\/\/api.w.org\/{rel}","templated":true}]}}