{"id":1117,"date":"2016-03-05T18:03:15","date_gmt":"2016-03-05T18:03:15","guid":{"rendered":"http:\/\/fliegerblog.rjs.de\/?p=1117"},"modified":"2016-03-05T18:03:15","modified_gmt":"2016-03-05T18:03:15","slug":"rettungsgeraete-wurtraining-mit-anschliessendem-packen-beim-dglc","status":"publish","type":"post","link":"https:\/\/fliegerblog.rjs.de\/?p=1117","title":{"rendered":"Rettungsger\u00e4te-Wurtraining mit anschlie\u00dfendem Packen beim DGLC"},"content":{"rendered":"<div class=\"separator\" style=\"clear: both; text-align: center;\"><a style=\"clear: left; float: left; margin-bottom: 1em; margin-right: 1em;\" href=\"https:\/\/i0.wp.com\/4.bp.blogspot.com\/-bHObSmMwAAc\/VtschNBIfCI\/AAAAAAAAC4U\/c3VTi57eacM\/s1600\/IMG_20160305_135936.jpg?ssl=1\"><img loading=\"lazy\" decoding=\"async\" src=\"https:\/\/i0.wp.com\/4.bp.blogspot.com\/-bHObSmMwAAc\/VtschNBIfCI\/AAAAAAAAC4U\/c3VTi57eacM\/s320\/IMG_20160305_135936.jpg?resize=320%2C240&#038;ssl=1\" alt=\"\" width=\"320\" height=\"240\" border=\"0\" data-recalc-dims=\"1\" \/><\/a><\/div>\n<p>Wie schon die letzten Jahre hat mein einer Gleitschirmverein ein Wurftraining der Rettung mit anschlie\u00dfendem Packen angeboten. Zum Einen ist das n\u00fctzlich, um eben besagtes Werfen der Rettung zu \u00fcben und zudem kommt die Rettung aus dem Karton. Muss ja auch regelm\u00e4\u00dfig erfolgen, sonst klebt das Tuch immer mehr zusammen und das kann im Fall der F\u00e4lle die \u00d6ffnungszeiten b\u00f6se verschlechtern. Und man kann auch das Packen \u00fcben, was f\u00fcr mich zumindest bisher ein seltener Vorgang war (halt maximal 1x im Jahr bei Packkursen oder eben diesen Wurftrainings).<\/p>\n<div class=\"separator\" style=\"clear: both; text-align: center;\"><a style=\"clear: right; float: right; margin-bottom: 1em; margin-left: 1em;\" href=\"https:\/\/i0.wp.com\/1.bp.blogspot.com\/-VCqm5c0AiOw\/VtscgUD7Q-I\/AAAAAAAAC4Q\/tCi0WT9Ph1M\/s1600\/IMG_20160305_142538.jpg?ssl=1\"><img loading=\"lazy\" decoding=\"async\" src=\"https:\/\/i0.wp.com\/1.bp.blogspot.com\/-VCqm5c0AiOw\/VtscgUD7Q-I\/AAAAAAAAC4Q\/tCi0WT9Ph1M\/s320\/IMG_20160305_142538.jpg?resize=320%2C240&#038;ssl=1\" alt=\"\" width=\"320\" height=\"240\" border=\"0\" data-recalc-dims=\"1\" \/><\/a><\/div>\n<p>Wie letztes Jahr ist die Sache in einer Turnhalle FFM\/Sachsenhausen gelaufen. F\u00fcr meine Rettung war das allerdings definitiv das letzte Mal, dass ich sie ins Gurtzeug einget\u00fctet habe. Die ist jetzt so alt, dass ich sie so bald wie m\u00f6glich austauschen werde.<\/p>\n<div class=\"separator\" style=\"clear: both; text-align: center;\"><a style=\"clear: left; float: left; margin-bottom: 1em; margin-right: 1em;\" href=\"https:\/\/i0.wp.com\/1.bp.blogspot.com\/-B761I3NtPOg\/VtscchlhgfI\/AAAAAAAAC4M\/27zCsDJ4Tsg\/s1600\/IMG_20160305_151410.jpg?ssl=1\"><img loading=\"lazy\" decoding=\"async\" src=\"https:\/\/i0.wp.com\/1.bp.blogspot.com\/-B761I3NtPOg\/VtscchlhgfI\/AAAAAAAAC4M\/27zCsDJ4Tsg\/s320\/IMG_20160305_151410.jpg?resize=320%2C240&#038;ssl=1\" alt=\"\" width=\"320\" height=\"240\" border=\"0\" data-recalc-dims=\"1\" \/><\/a><\/div>\n<p>Ich lieb\u00e4ugele mit einer Evo als neue Rettung. Die Rundkappen sind zwar einfach zu packen und solide, pendeln aber ziemlich. Nur muss ich dann wohl f\u00fcr die eckigen Kappen wieder einen neuen Packkurs machen und der wird leider nicht so oft angeboten (zumal ich das Packen f\u00fcr die Rundkappen erst nach l\u00e4ngerer Zeit jetzt so langsam in den Griff bekommen habe). Mal sehen &#8211; eine neue Rettung kommt auf jeden Fall asap.<\/p>\n","protected":false},"excerpt":{"rendered":"<p>Wie schon die letzten Jahre hat mein einer Gleitschirmverein ein Wurftraining der Rettung mit anschlie\u00dfendem Packen angeboten. Zum Einen ist das n\u00fctzlich, um eben besagtes Werfen der Rettung zu \u00fcben und zudem kommt die Rettung aus dem Karton. Muss ja auch regelm\u00e4\u00dfig erfolgen, sonst klebt das Tuch immer mehr zusammen und das kann im Fall &hellip; <a href=\"https:\/\/fliegerblog.rjs.de\/?p=1117\" class=\"more-link\"><span class=\"screen-reader-text\">\u201eRettungsger\u00e4te-Wurtraining mit anschlie\u00dfendem Packen beim DGLC\u201c<\/span> weiterlesen<\/a><\/p>\n","protected":false},"author":1,"featured_media":0,"comment_status":"open","ping_status":"open","sticky":false,"template":"","format":"standard","meta":{"jetpack_post_was_ever_published":false,"footnotes":"","jetpack_publicize_message":"","jetpack_is_tweetstorm":false,"jetpack_publicize_feature_enabled":true,"jetpack_social_options":[]},"categories":[1],"tags":[],"class_list":["post-1117","post","type-post","status-publish","format-standard","hentry","category-uncategorized"],"jetpack_publicize_connections":[],"jetpack_featured_media_url":"","jetpack_shortlink":"https:\/\/wp.me\/p788kK-i1","jetpack-related-posts":[{"id":1359,"url":"https:\/\/fliegerblog.rjs.de\/?p=1359","url_meta":{"origin":1117,"position":0},"title":"Rettung &#8211; Werfen und packen","date":"Januar 21, 2018","format":false,"excerpt":"Ich lass es immer zulange schleifen, die Rettung zu l\u00fcften. Seit ich die Evo2 neu habe, hat sie nicht 1x den Container verlassen. Und ich habe die Tage mit Erschrecken festgestellt, dass ich sie gar nicht 2017, sondern bereits 2016 gekauft hatte. L\u00fcften und neu packen war also mehr als\u2026","rel":"","context":"\u00c4hnlicher Beitrag","img":{"alt_text":"","src":"https:\/\/i0.wp.com\/3.bp.blogspot.com\/-1IvSlA_q08g\/WmThG1PzSVI\/AAAAAAAADsc\/6nZMjiui1gI_SiKo_GqeoIGIHo61qqEcACLcBGAs\/s320\/IMG_20180121_123216.jpg?resize=350%2C200&ssl=1","width":350,"height":200},"classes":[]},{"id":1833,"url":"https:\/\/fliegerblog.rjs.de\/?p=1833","url_meta":{"origin":1117,"position":1},"title":"Werfen und packen der Rettung au\u00dfer der Reihe","date":"Juli 17, 2021","format":false,"excerpt":"\u00a0 Mein einer Verein veranstaltet seit ein paar Jahren jeden Winter in FFM in einer Schulturnhalle ein gemeinsames Packen der Rettung unter Aufsicht eines Fluglehrers samt vorangehendem Werfen der Rettung. Das nehme ich eigentlich sehr gerne und regelm\u00e4\u00dfig wahr, auch wenn ich zwischendurch meine Rettung immer wieder mal zum Packen\u2026","rel":"","context":"\u00c4hnlicher Beitrag","img":{"alt_text":"","src":"https:\/\/i0.wp.com\/1.bp.blogspot.com\/-di180BjEKhA\/YPMH-Dzz26I\/AAAAAAAAGNw\/OS28-xuQ4ZcB6ZJD-DrXjefow9KUZnS4gCLcBGAsYHQ\/w400-h300\/IMG_20210717_113355.jpg?resize=350%2C200&ssl=1","width":350,"height":200},"classes":[]},{"id":1908,"url":"https:\/\/fliegerblog.rjs.de\/?p=1908","url_meta":{"origin":1117,"position":2},"title":"Wegwerfen, einsammeln, zusammenpacken","date":"M\u00e4rz 20, 2022","format":false,"excerpt":"Mein Schirm ist immer noch nicht vom Check zur\u00fcck. Ich habe zwischenzeitlich deshalb zwar ein paar Flugtage verpasst, aber im Grunde kaum Zeit gehabt und daher ist das nicht sonderlich \u00e4rgerlich. Ich hoffe nur, dass die lange Zeit Nichts zu bedeuten hat. Auf jeden Fall habe ich eben mal wieder\u2026","rel":"","context":"\u00c4hnlicher Beitrag","img":{"alt_text":"","src":"https:\/\/blogger.googleusercontent.com\/img\/a\/AVvXsEh2LnaC5oOift0R6bQ-KAj5BDsV5OkR1nK1lKsJNn4ikrv82uyluOLpSLOmEOFlervTbCW6dHe8kKLuKPF2VdZd77EwfApu5ThW9V4oKEZbeDG8WZVSf9f15PbXc1b85SZtMVce8LOydsF0aw4KCX6aOaGgQKmu6xsi5wXk7E7X7Ypebe4zejGE0_QOPw=s320","width":350,"height":200},"classes":[]},{"id":2055,"url":"https:\/\/fliegerblog.rjs.de\/?p=2055","url_meta":{"origin":1117,"position":3},"title":"Rettungwerfen DGLC","date":"Februar 25, 2024","format":false,"excerpt":"Es ist z.Z. einfach ein Graus. Ich will keine Ausreden suchen, aber bin nat\u00fcrlich angefressen, dass ich es ewig nicht mehr in die Luft geschafft habe. Das muss sich \u00e4ndern. Aber heute war mal wieder das Werfen der Rettung im Verein angesetzt. Wie \u00fcblich in einer Schulturnhallte in Frankfurt. Da\u2026","rel":"","context":"\u00c4hnlicher Beitrag","img":{"alt_text":"","src":"https:\/\/i0.wp.com\/blogger.googleusercontent.com\/img\/b\/R29vZ2xl\/AVvXsEjpVJhOoU-9yOceZYy2giO9ojG9NBtSbgVyssdshtdKgb8MJwva4GaucqeeI-opYj4JQHLsBQMVBPUtIw65fxJrfNrrgef13GjgcY_3okSWefwigafNAbEkY1XOjWFrpUPWJpAzb6Q3yhZ-zrFS7oqXTtS8fxWPDR0sn3OHINP4RxV6C6H2abqRohWWR94b\/w400-h300\/b1.jpeg?resize=350%2C200&ssl=1","width":350,"height":200},"classes":[]},{"id":2129,"url":"https:\/\/fliegerblog.rjs.de\/?p=2129","url_meta":{"origin":1117,"position":4},"title":"Wurf &#038; Pack","date":"M\u00e4rz 1, 2025","format":false,"excerpt":"Wie seit mittlerweile 13 Jahren um den Feb.\/M\u00e4rz herum fand heute beim DGLC in der Turnhalle in FFM-Sachsenhausen das Werfen und Packen der Rettung statt. Da nehme ich recht regelm\u00e4\u00dfig teil. Ich denke, dass ich das schon gut 10x gemacht habe. Urspr\u00fcnglich war die Veranstaltung f\u00fcr das letzte Wochenende geplant,\u2026","rel":"","context":"\u00c4hnlicher Beitrag","img":{"alt_text":"","src":"https:\/\/i0.wp.com\/blogger.googleusercontent.com\/img\/b\/R29vZ2xl\/AVvXsEhppDgiaDJSlIau8mf1k4nuCBYnMx0WV19tKgvBBndQi6EjaQseXNwvyxbDcekKfh8VPwYwrnFSiar3BZ2G_uepezc_Y8m87KampWDyRLe_zeVGb5pby_y_tv5OIet1ARkaEtlCabG3yZki61ZdJBDQ5zkdk9ccTr7ewSwZ8qgR9-5KoNORdJ7LWRPkM2je\/w400-h300\/WhatsApp%20Image%202025-03-01%20at%2016.38.09.jpeg?resize=350%2C200&ssl=1","width":350,"height":200},"classes":[]},{"id":883,"url":"https:\/\/fliegerblog.rjs.de\/?p=883","url_meta":{"origin":1117,"position":5},"title":"Rettungswerfen und -packen beim DGLC","date":"Januar 18, 2015","format":false,"excerpt":"Tja - wer konnte ahnen, dass heute gar nicht so schlechtes Flugwetter wird. In Reichenbach und Staudernheim sind sie gar nicht so schlecht geflogen, aber der DGLC hat f\u00fcr Anfang des Jahres in FFM zwei Termine f\u00fcr das Rettungswerfen und -packen angeboten und ich hatte mich f\u00fcr heute angemeldet. Meine\u2026","rel":"","context":"In &quot;Allgemein&quot;","img":{"alt_text":"","src":"","width":0,"height":0},"classes":[]}],"_links":{"self":[{"href":"https:\/\/fliegerblog.rjs.de\/index.php?rest_route=\/wp\/v2\/posts\/1117","targetHints":{"allow":["GET"]}}],"collection":[{"href":"https:\/\/fliegerblog.rjs.de\/index.php?rest_route=\/wp\/v2\/posts"}],"about":[{"href":"https:\/\/fliegerblog.rjs.de\/index.php?rest_route=\/wp\/v2\/types\/post"}],"author":[{"embeddable":true,"href":"https:\/\/fliegerblog.rjs.de\/index.php?rest_route=\/wp\/v2\/users\/1"}],"replies":[{"embeddable":true,"href":"https:\/\/fliegerblog.rjs.de\/index.php?rest_route=%2Fwp%2Fv2%2Fcomments&post=1117"}],"version-history":[{"count":1,"href":"https:\/\/fliegerblog.rjs.de\/index.php?rest_route=\/wp\/v2\/posts\/1117\/revisions"}],"predecessor-version":[{"id":1118,"href":"https:\/\/fliegerblog.rjs.de\/index.php?rest_route=\/wp\/v2\/posts\/1117\/revisions\/1118"}],"wp:attachment":[{"href":"https:\/\/fliegerblog.rjs.de\/index.php?rest_route=%2Fwp%2Fv2%2Fmedia&parent=1117"}],"wp:term":[{"taxonomy":"category","embeddable":true,"href":"https:\/\/fliegerblog.rjs.de\/index.php?rest_route=%2Fwp%2Fv2%2Fcategories&post=1117"},{"taxonomy":"post_tag","embeddable":true,"href":"https:\/\/fliegerblog.rjs.de\/index.php?rest_route=%2Fwp%2Fv2%2Ftags&post=1117"}],"curies":[{"name":"wp","href":"https:\/\/api.w.org\/{rel}","templated":true}]}}