{"id":1113,"date":"2016-02-19T10:27:29","date_gmt":"2016-02-19T10:27:29","guid":{"rendered":"http:\/\/fliegerblog.rjs.de\/?p=1113"},"modified":"2016-02-19T16:22:55","modified_gmt":"2016-02-19T16:22:55","slug":"die-andere-art-zu-fliegen","status":"publish","type":"post","link":"https:\/\/fliegerblog.rjs.de\/?p=1113","title":{"rendered":"Die andere Art zu fliegen"},"content":{"rendered":"<div class=\"separator\" style=\"clear: both; text-align: center;\">\n<a href=\"https:\/\/i0.wp.com\/4.bp.blogspot.com\/-rzRaVMtEx0A\/VsbtC2TKG0I\/AAAAAAAAC28\/VqL_0qDzEQI\/s1600\/IMG_20160219_075045.jpg?ssl=1\" imageanchor=\"1\" style=\"clear: left; float: left; margin-bottom: 1em; margin-right: 1em;\"><img decoding=\"async\" border=\"0\" src=\"https:\/\/i0.wp.com\/4.bp.blogspot.com\/-rzRaVMtEx0A\/VsbtC2TKG0I\/AAAAAAAAC28\/VqL_0qDzEQI\/s200\/IMG_20160219_075045.jpg?w=840&#038;ssl=1\" data-recalc-dims=\"1\" \/><\/a><\/div>\n<p>Nicht so sch\u00f6n, wie dem Gleitschirm, aber deutlich h\u00f6her. Ich bin endlich mal wieder nach Graz zu Video2Brain geflogen.<\/p>\n<div class=\"separator\" style=\"clear: both; text-align: center;\">\n<a href=\"https:\/\/i0.wp.com\/4.bp.blogspot.com\/-LfxlBMGEqiM\/VsbtDM-B6uI\/AAAAAAAAC3E\/RiTahbYznxw\/s1600\/IMG_20160219_085433.jpg?ssl=1\" imageanchor=\"1\" style=\"clear: left; float: left; margin-bottom: 1em; margin-right: 1em;\"><img decoding=\"async\" border=\"0\" src=\"https:\/\/i0.wp.com\/4.bp.blogspot.com\/-LfxlBMGEqiM\/VsbtDM-B6uI\/AAAAAAAAC3E\/RiTahbYznxw\/s200\/IMG_20160219_085433.jpg?w=840&#038;ssl=1\" data-recalc-dims=\"1\" \/><\/a><\/div>\n<p>Ich war schon so oft am Flughafen in FFM, aber heute morgen bin ich das erste Mal bei der Sicherheitskontrolle durch diese neuen Scanner.<\/p>\n<div class=\"separator\" style=\"clear: both; text-align: center;\">\n<a href=\"https:\/\/i0.wp.com\/4.bp.blogspot.com\/-XbkCNJveMZk\/VsbtDMCOXJI\/AAAAAAAAC3A\/nSM8DlZcl9Y\/s1600\/IMG_20160219_090338.jpg?ssl=1\" imageanchor=\"1\" style=\"clear: left; float: left; margin-bottom: 1em; margin-right: 1em;\"><img decoding=\"async\" border=\"0\" src=\"https:\/\/i0.wp.com\/4.bp.blogspot.com\/-XbkCNJveMZk\/VsbtDMCOXJI\/AAAAAAAAC3A\/nSM8DlZcl9Y\/s200\/IMG_20160219_090338.jpg?w=840&#038;ssl=1\" data-recalc-dims=\"1\" \/><\/a><\/div>\n<p>Der Flug selbst war ziemlich uninteressant, da es von FFM bis Graz eine geschlossene Wolkendecke gab und man leider nix von den Alpen etc. sehen konnte.<\/p>\n","protected":false},"excerpt":{"rendered":"<p>Nicht so sch\u00f6n, wie dem Gleitschirm, aber deutlich h\u00f6her. Ich bin endlich mal wieder nach Graz zu Video2Brain geflogen. Ich war schon so oft am Flughafen in FFM, aber heute morgen bin ich das erste Mal bei der Sicherheitskontrolle durch diese neuen Scanner. Der Flug selbst war ziemlich uninteressant, da es von FFM bis Graz &hellip; <a href=\"https:\/\/fliegerblog.rjs.de\/?p=1113\" class=\"more-link\"><span class=\"screen-reader-text\">\u201eDie andere Art zu fliegen\u201c<\/span> weiterlesen<\/a><\/p>\n","protected":false},"author":1,"featured_media":0,"comment_status":"open","ping_status":"open","sticky":false,"template":"","format":"standard","meta":{"jetpack_post_was_ever_published":false,"footnotes":"","jetpack_publicize_message":"","jetpack_is_tweetstorm":false,"jetpack_publicize_feature_enabled":true,"jetpack_social_options":[]},"categories":[1],"tags":[],"class_list":["post-1113","post","type-post","status-publish","format-standard","hentry","category-uncategorized"],"jetpack_publicize_connections":[],"jetpack_featured_media_url":"","jetpack_shortlink":"https:\/\/wp.me\/p788kK-hX","jetpack-related-posts":[{"id":1930,"url":"https:\/\/fliegerblog.rjs.de\/?p=1930","url_meta":{"origin":1113,"position":0},"title":"KH-Spielereien","date":"Juni 11, 2022","format":false,"excerpt":"Nachdem das Wochenende sowohl in Singhofen als auch Wallertheim keinen Windenfahrer verf\u00fcgbar sind, war heute der Hang angesagt. Nur ist auch das schwierig im Moment, denn meine beiden Lieblingsh\u00e4nge sind derzeit gesperrt . Der eine sogar bei Herbst\/Winter, aber da h\u00e4tte die Richtung sowieso nicht gepasst. Nur f\u00fcr Reichenbach w\u00e4re\u2026","rel":"","context":"\u00c4hnlicher Beitrag","img":{"alt_text":"","src":"","width":0,"height":0},"classes":[]},{"id":42,"url":"https:\/\/fliegerblog.rjs.de\/?p=42","url_meta":{"origin":1113,"position":1},"title":"Reisebericht Husby, D\u00e4nemark","date":"Juni 29, 2008","format":false,"excerpt":"Flugtagebuch K\u00fcstensoaren in Husby - D\u00e4nemark im Juni 200821. JuniIch bin wieder zum K\u00fcstenfliegen in D\u00e4nemark. In Husby, etwa 150 Kilometer s\u00fcdlich von Loekken, wo ich letztes Jahr war. Nachdem der Trip letztes Jahr eigentlich ein Reinfall war und ich in einer Woche nur einen Tag zum Fliegen kam, wollte\u2026","rel":"","context":"In &quot;Allgemein&quot;","img":{"alt_text":"","src":"https:\/\/i0.wp.com\/img.youtube.com\/vi\/1PDZNyzILZw\/0.jpg?resize=350%2C200","width":350,"height":200},"classes":[]},{"id":686,"url":"https:\/\/fliegerblog.rjs.de\/?p=686","url_meta":{"origin":1113,"position":2},"title":"Testival in A\u00dflar","date":"August 24, 2013","format":false,"excerpt":"Ich war heute in A\u00dflar beim Fliegerfest bzw. Testival. Die Veranstaltung hat bereits gestern begonnen und geht bis Sonntag. Urspr\u00fcnglich wollte ich heute Abend sogar da \u00fcbernachten und 2 Tage fliegen. Aber zum einen kommt mir eine andere Feier heute Abend in die Quere und zum anderen soll es morgen\u2026","rel":"","context":"In &quot;Allgemein&quot;","img":{"alt_text":"","src":"","width":0,"height":0},"classes":[]},{"id":2010,"url":"https:\/\/fliegerblog.rjs.de\/?p=2010","url_meta":{"origin":1113,"position":3},"title":"Endlich mal wieder auf Tour &#8211; K\u00fcstenfliegen","date":"Juli 22, 2023","format":false,"excerpt":"Die letzten Monate wird es bei mir immer weniger mit Airtime :-(. Teils meine Faulheit bzw. Bequemlichkeit, teils immer weiter eingeschr\u00e4nkte Optionen, teils das Wetter. Ein Teufelskreis. Aber nachdem ich mir Jahr f\u00fcr Jahr vorgenommen hatte, endlich mal wieder einen Flugurlaub zu machen, bin ich jetzt f\u00fcr eine Woche zum\u2026","rel":"","context":"\u00c4hnlicher Beitrag","img":{"alt_text":"","src":"https:\/\/i0.wp.com\/blogger.googleusercontent.com\/img\/b\/R29vZ2xl\/AVvXsEiXD8wOHbrmxKic4iL-W0Z9gUD7cJvPsUkFnl_vEJ0g6aM4zgV-4SHtRpQAamMRcG5Ms348wOB0ilM6T29aJ1U0NWH0O9BDh6H2kA4t0yjEAXjLT_pKGXwuUA9xLNPh2kg9znBAaz4SqL07tA5URWJKEFkPqCgGl_MlY6AoCBtyw-ut_dlsjmmFvQFhn11K\/w400-h300\/20230722_175323.jpg?resize=350%2C200&ssl=1","width":350,"height":200},"classes":[]},{"id":1405,"url":"https:\/\/fliegerblog.rjs.de\/?p=1405","url_meta":{"origin":1113,"position":4},"title":"Ich bin der Neue","date":"M\u00e4rz 30, 2018","format":false,"excerpt":"Meine Wildcat hat es leider nicht \u00fcber den Check geschafft. Die Luftdurchl\u00e4ssigkeit vom Untersegel (!) war zu schlecht, wobei zum Groundhandlen und f\u00fcr das Fliegen am Strand\/der D\u00fcne (falls es endlich mal wieder klappen sollte) sollte die Wildkatze sich noch eignen. Aber das Aus kommt nicht wirklich \u00fcberraschend und ich\u2026","rel":"","context":"\u00c4hnlicher Beitrag","img":{"alt_text":"","src":"https:\/\/i0.wp.com\/3.bp.blogspot.com\/-Lm-jatyAp-Q\/Wr4mvc_tWDI\/AAAAAAAADyY\/Jaa4Nfny5MITlf6-ZDzIKW9taCZWr5t6QCLcBGAs\/s640\/GOPR9052.JPG?resize=350%2C200&ssl=1","width":350,"height":200},"classes":[]},{"id":1573,"url":"https:\/\/fliegerblog.rjs.de\/?p=1573","url_meta":{"origin":1113,"position":5},"title":"Der Start in die Windensaison 2019","date":"M\u00e4rz 28, 2019","format":false,"excerpt":"Eigentlich sollte letzten Samstag schon mein Start in die 2019-er-Windensaison in Singhofen erfolgen. Aber vor Ort waren die Bedingungen so mau, dass das Schleppen nicht stattfinden konnte und ich an den Hang gegangen war. Aber gestern kam kurzfristg die Ank\u00fcndigung von den Wehrheimer Gleitschirmfliegern rein, dass heute in Obernhain\/Neu-Anspach geschleppt\u2026","rel":"","context":"\u00c4hnlicher Beitrag","img":{"alt_text":"","src":"https:\/\/i0.wp.com\/4.bp.blogspot.com\/-c-MBGeKljjA\/XJ0NXfnjDhI\/AAAAAAAAEko\/y2O0qYaoz_c7DIBm3sLDtRZp5o-ZNv9iACLcBGAs\/s320\/GOPR6709.JPG?resize=350%2C200&ssl=1","width":350,"height":200},"classes":[]}],"_links":{"self":[{"href":"https:\/\/fliegerblog.rjs.de\/index.php?rest_route=\/wp\/v2\/posts\/1113","targetHints":{"allow":["GET"]}}],"collection":[{"href":"https:\/\/fliegerblog.rjs.de\/index.php?rest_route=\/wp\/v2\/posts"}],"about":[{"href":"https:\/\/fliegerblog.rjs.de\/index.php?rest_route=\/wp\/v2\/types\/post"}],"author":[{"embeddable":true,"href":"https:\/\/fliegerblog.rjs.de\/index.php?rest_route=\/wp\/v2\/users\/1"}],"replies":[{"embeddable":true,"href":"https:\/\/fliegerblog.rjs.de\/index.php?rest_route=%2Fwp%2Fv2%2Fcomments&post=1113"}],"version-history":[{"count":2,"href":"https:\/\/fliegerblog.rjs.de\/index.php?rest_route=\/wp\/v2\/posts\/1113\/revisions"}],"predecessor-version":[{"id":1115,"href":"https:\/\/fliegerblog.rjs.de\/index.php?rest_route=\/wp\/v2\/posts\/1113\/revisions\/1115"}],"wp:attachment":[{"href":"https:\/\/fliegerblog.rjs.de\/index.php?rest_route=%2Fwp%2Fv2%2Fmedia&parent=1113"}],"wp:term":[{"taxonomy":"category","embeddable":true,"href":"https:\/\/fliegerblog.rjs.de\/index.php?rest_route=%2Fwp%2Fv2%2Fcategories&post=1113"},{"taxonomy":"post_tag","embeddable":true,"href":"https:\/\/fliegerblog.rjs.de\/index.php?rest_route=%2Fwp%2Fv2%2Ftags&post=1113"}],"curies":[{"name":"wp","href":"https:\/\/api.w.org\/{rel}","templated":true}]}}