{"id":1105,"date":"2016-01-17T18:27:35","date_gmt":"2016-01-17T18:27:35","guid":{"rendered":"http:\/\/fliegerblog.rjs.de\/?p=1105"},"modified":"2016-01-22T20:14:45","modified_gmt":"2016-01-22T20:14:45","slug":"schneefliegen","status":"publish","type":"post","link":"https:\/\/fliegerblog.rjs.de\/?p=1105","title":{"rendered":"Schneefliegen"},"content":{"rendered":"<div class=\"separator\" style=\"clear: both; text-align: center;\">\n<a href=\"https:\/\/i0.wp.com\/4.bp.blogspot.com\/-Y8E4Ok656V0\/VpvYpfI78SI\/AAAAAAAAC0g\/cQOzAh-e-x8\/s1600\/IMG_20160117_140059.jpg\" imageanchor=\"1\" style=\"clear: right; float: right; margin-bottom: 1em; margin-left: 1em;\"><img decoding=\"async\" border=\"0\" src=\"https:\/\/i0.wp.com\/4.bp.blogspot.com\/-Y8E4Ok656V0\/VpvYpfI78SI\/AAAAAAAAC0g\/cQOzAh-e-x8\/s320\/IMG_20160117_140059.jpg?w=840\" data-recalc-dims=\"1\" \/><\/a><\/div>\n<p>Ich hatte Anfang der Woche zwar gesehen, dass f\u00fcr dieses Wochenende Nordwind angek\u00fcndigt war. Aber es sah f\u00fcr mich aus als w\u00fcrde es viel zu stark und b\u00f6ig. Gestern Abend ging aber ein Post auf WhatsApp raus, ob heute MFK ging? Also doch nochmal geschaut und es sah mir immer noch zu b\u00f6ig f\u00fcr den heutigen Sonntag aus.<br \/>\nAber da ich heute morgen sowieso ein paar Sachen in Eppstein erledigen musste, habe ich den Schirm mal ins Auto gelegt. Wenn man schon auf der halben Strecke ist &#8230;<\/p>\n<div class=\"separator\" style=\"clear: both; text-align: center;\">\n<a href=\"https:\/\/i0.wp.com\/1.bp.blogspot.com\/-6p00qvlhHZ0\/VpvZe4YwRPI\/AAAAAAAAC0s\/4RinqUvUBiw\/s1600\/IMG_20160117_140104.jpg\" imageanchor=\"1\" style=\"clear: right; float: right; margin-bottom: 1em; margin-left: 1em;\"><img decoding=\"async\" border=\"0\" src=\"https:\/\/i0.wp.com\/1.bp.blogspot.com\/-6p00qvlhHZ0\/VpvZe4YwRPI\/AAAAAAAAC0s\/4RinqUvUBiw\/s320\/IMG_20160117_140104.jpg?w=840\" data-recalc-dims=\"1\" \/><\/a><\/div>\n<p>\u00dcber Nacht war etwas Schnee gefallen und nachdem die Sonne teilweise rauskam und ebenso ein paar Leute Richtung MFK aufgebrochen sind, bin ich dann auch hin. Als ich mich gegen 12:30 Uhr dem Hang gen\u00e4hert habe, habe ich bereits Schirme \u00fcber den B\u00e4umen gesehen. Offensichtlich ging es doch ziemlich gut zu fliegen.<br \/>\n<\/p>\n<div class=\"separator\" style=\"clear: both; text-align: center;\">\n<a href=\"https:\/\/i0.wp.com\/3.bp.blogspot.com\/-pdohVx4CYy8\/VpvZfanCvGI\/AAAAAAAAC00\/zeuiG2DhfVg\/s1600\/IMG_20160117_140112.jpg\" imageanchor=\"1\" style=\"clear: right; float: right; margin-bottom: 1em; margin-left: 1em;\"><img decoding=\"async\" border=\"0\" src=\"https:\/\/i0.wp.com\/3.bp.blogspot.com\/-pdohVx4CYy8\/VpvZfanCvGI\/AAAAAAAAC00\/zeuiG2DhfVg\/s320\/IMG_20160117_140112.jpg?w=840\" data-recalc-dims=\"1\" \/><\/a><\/div>\n<p>Gegen 12:45 Uhr hab ich dann auch \u00fcber den B\u00e4umen dazu gesellt. Es ging in der Tat wirklich&nbsp; gut. Der Wind stand genau auf den Hang. Zwar kr\u00e4ftig, aber in der Luft sogar einigerma\u00dfen laminar. Trotzdem sind manchmal knackige B\u00f6en durchgegangen. Zu dem Zeitpunkt ist man kaum am Startplatz weggekommen. Ich habe heute meine bisher sauberste Toplandung am MFK eingeflogen. Richtig sch\u00f6n r\u00fcckw\u00e4rts \u00fcber den Startplatz versetzen lassen und dann sanft runter (nur dummerweise nach dem Landen nach hinten weggezogen worden und mich im Schnee \u00fcberschlagen).<br \/>\nDas war flugtechnisch heute gro\u00dfes Kino \ud83d\ude42<br \/>\n<\/p>\n<div class=\"separator\" style=\"clear: both; text-align: center;\">\n<a href=\"https:\/\/i0.wp.com\/1.bp.blogspot.com\/-0cZpFA9uVlA\/VpvXpdlf3TI\/AAAAAAAAC0Y\/IO6yhVvK-kA\/s1600\/IMG_20160117_144837.jpg\" imageanchor=\"1\" style=\"clear: left; float: left; margin-bottom: 1em; margin-right: 1em;\"><img decoding=\"async\" border=\"0\" src=\"https:\/\/i0.wp.com\/1.bp.blogspot.com\/-0cZpFA9uVlA\/VpvXpdlf3TI\/AAAAAAAAC0Y\/IO6yhVvK-kA\/s320\/IMG_20160117_144837.jpg?w=840\" data-recalc-dims=\"1\" \/><\/a><\/div>\n<p>Gegen 15:00 Uhr musste ich aber wegen einer Familienfeier weg. Da sind sie immer noch gut \u00fcber den B\u00e4umen rumgekurvt. Aber von den gut 8 &#8211; 10 Fliegern waren auch dann schon ein paar gegangen. Es wurde einfach nach einer gewissen Zeit kalt.<\/p>\n<p>Wobei ich mir meinen kleinen Taschenofen mit mitgenommen und unter die Jacke gesteckt hatte. Das hilft bei so Bedingungen schon eine Menge gegen Ausk\u00fchlung \ud83d\ude42<\/p>\n<hr \/>\n<p><iframe loading=\"lazy\" width=\"420\" height=\"315\" src=\"https:\/\/www.youtube.com\/embed\/tkrXq4XbImU\" frameborder=\"0\" allowfullscreen><\/iframe><\/p>\n","protected":false},"excerpt":{"rendered":"<p>Ich hatte Anfang der Woche zwar gesehen, dass f\u00fcr dieses Wochenende Nordwind angek\u00fcndigt war. Aber es sah f\u00fcr mich aus als w\u00fcrde es viel zu stark und b\u00f6ig. Gestern Abend ging aber ein Post auf WhatsApp raus, ob heute MFK ging? Also doch nochmal geschaut und es sah mir immer noch zu b\u00f6ig f\u00fcr den &hellip; <a href=\"https:\/\/fliegerblog.rjs.de\/?p=1105\" class=\"more-link\"><span class=\"screen-reader-text\">\u201eSchneefliegen\u201c<\/span> weiterlesen<\/a><\/p>\n","protected":false},"author":1,"featured_media":0,"comment_status":"open","ping_status":"open","sticky":false,"template":"","format":"standard","meta":{"jetpack_post_was_ever_published":false,"footnotes":"","jetpack_publicize_message":"","jetpack_is_tweetstorm":false,"jetpack_publicize_feature_enabled":true,"jetpack_social_options":[]},"categories":[1],"tags":[],"class_list":["post-1105","post","type-post","status-publish","format-standard","hentry","category-uncategorized"],"jetpack_publicize_connections":[],"jetpack_featured_media_url":"","jetpack_shortlink":"https:\/\/wp.me\/p788kK-hP","jetpack-related-posts":[{"id":1235,"url":"https:\/\/fliegerblog.rjs.de\/?p=1235","url_meta":{"origin":1105,"position":0},"title":"Sch\u00f6n fr\u00fche Er\u00f6ffnung der Windensaision dieses Jahr","date":"M\u00e4rz 26, 2017","format":false,"excerpt":"Gestern kam dann doch schon mein Schirm vom Check zur\u00fcck und deshalb konnte ich heute zur 1. Windenschleppgemeinschaft Rheinhessen nach Wallertheim fahren. Da war Er\u00f6ffnung der Schleppsaison angesetzt. Dabei waren die Bedingungen rund herum nicht ganz unkritisch. Gestern war es noch verdammt b\u00f6ig und auch heute habe ich auf WhatsApp\u2026","rel":"","context":"In \"1. Windenschleppgemeinschaft Rheinhessen\"","img":{"alt_text":"","src":"https:\/\/i0.wp.com\/2.bp.blogspot.com\/-EDm-WYfLe8c\/WNfv3d8YXEI\/AAAAAAAADWM\/QrZ71SyuP9kheDVnW88H5YAxxtY_YOcnACLcB\/s320\/IMG_20170326_135100.jpg?resize=350%2C200&ssl=1","width":350,"height":200},"classes":[]},{"id":52,"url":"https:\/\/fliegerblog.rjs.de\/?p=52","url_meta":{"origin":1105,"position":1},"title":"Heute hat es sich nicht wirklich gelohnt","date":"M\u00e4rz 30, 2008","format":false,"excerpt":"Sah heute zwar von den Prognosen wie gestern aus und auch die Windst\u00e4rke war am Nachmittag genau so wie gestern (Richtung ok, aber zu b\u00f6ig und stark). Nur hat der Wind nicht wie versprochen nachgelassen. War gegen 17:00 Uhr am Hang und da ging einfach nix. Ein Flieger hat versucht\u2026","rel":"","context":"In &quot;Allgemein&quot;","img":{"alt_text":"","src":"","width":0,"height":0},"classes":[]},{"id":609,"url":"https:\/\/fliegerblog.rjs.de\/?p=609","url_meta":{"origin":1105,"position":2},"title":"Das m\u00fcsste der Jahresabschluss gewesen sein &#8211; und der war gar nicht so schlecht","date":"Dezember 29, 2012","format":false,"excerpt":"Oh man, ich war ja ewig nicht mehr richtig mit dem Schirm in der Luft. Am 1. Dezember habe ich kurz am Hang gespielt und Mitte Oktober gab es einen mittelschwachen Flugtag in Reichenbach. Anfang Oktober war somit der letzte richtige Flugtag f\u00fcr mich gewesen. Klar - die Sp\u00e4therbst- und\u2026","rel":"","context":"In &quot;Allgemein&quot;","img":{"alt_text":"","src":"https:\/\/i0.wp.com\/3.bp.blogspot.com\/-S4EYK47t1Ak\/UN8gmXksVCI\/AAAAAAAABPY\/WTG5msR9GaY\/s320\/20121229_121349.jpg?resize=350%2C200","width":350,"height":200},"classes":[]},{"id":826,"url":"https:\/\/fliegerblog.rjs.de\/?p=826","url_meta":{"origin":1105,"position":3},"title":"Das sah lange Zeit nach einem Satz mit X aus&#8230;","date":"September 13, 2014","format":false,"excerpt":"..., aber gegen Abend wurde es doch noch ganz nett. Die Prognosen f\u00fcr heute hatten laut DWD ziemlichen starken H\u00f6henwind und auch in niedrigen Regionen heftige B\u00f6en vorausgesagt. Nach WF und WZ hingegen sah es nicht so stark aus. Aber nachdem es gestern bei WF und WZ genauso ausgesehen hatte\u2026","rel":"","context":"In &quot;Allgemein&quot;","img":{"alt_text":"","src":"","width":0,"height":0},"classes":[]},{"id":649,"url":"https:\/\/fliegerblog.rjs.de\/?p=649","url_meta":{"origin":1105,"position":4},"title":"Der kleine November &#8230;","date":"Mai 25, 2013","format":false,"excerpt":"will im Mai abgeholt werden. Der Spruch, den man im Moment st\u00e4ndig im Radio h\u00f6rt, nervt langsam. Passt aber leider, denn sch\u00f6ne und vor allen Dingen fliegbare Tage sind derzeit rar. Heut sah es nach recht strammen Bedingungen f\u00fcr MFK aus. Dazu gegen Abend sogar noch zunehmend, was ich im\u2026","rel":"","context":"In &quot;Allgemein&quot;","img":{"alt_text":"","src":"","width":0,"height":0},"classes":[]},{"id":94,"url":"https:\/\/fliegerblog.rjs.de\/?p=94","url_meta":{"origin":1105,"position":5},"title":"Der Abend hat sich gelohnt","date":"Juli 30, 2007","format":false,"excerpt":"Der Tag heute hatte sehr viel versprochen. Guten Nordwest \u00fcber den ganzen Tag. Die Realit\u00e4t sah wie immer anders aus. Reiner West und viel zu b\u00f6ig den Tag \u00fcber. Bin deshalb mit meinen Kindern in einen Freizeitpark (hat sie richtig gefreut - mir wurde auf einem Karussell fast schlecht).Dann gegen\u2026","rel":"","context":"In &quot;Allgemein&quot;","img":{"alt_text":"","src":"","width":0,"height":0},"classes":[]}],"_links":{"self":[{"href":"https:\/\/fliegerblog.rjs.de\/index.php?rest_route=\/wp\/v2\/posts\/1105","targetHints":{"allow":["GET"]}}],"collection":[{"href":"https:\/\/fliegerblog.rjs.de\/index.php?rest_route=\/wp\/v2\/posts"}],"about":[{"href":"https:\/\/fliegerblog.rjs.de\/index.php?rest_route=\/wp\/v2\/types\/post"}],"author":[{"embeddable":true,"href":"https:\/\/fliegerblog.rjs.de\/index.php?rest_route=\/wp\/v2\/users\/1"}],"replies":[{"embeddable":true,"href":"https:\/\/fliegerblog.rjs.de\/index.php?rest_route=%2Fwp%2Fv2%2Fcomments&post=1105"}],"version-history":[{"count":2,"href":"https:\/\/fliegerblog.rjs.de\/index.php?rest_route=\/wp\/v2\/posts\/1105\/revisions"}],"predecessor-version":[{"id":1108,"href":"https:\/\/fliegerblog.rjs.de\/index.php?rest_route=\/wp\/v2\/posts\/1105\/revisions\/1108"}],"wp:attachment":[{"href":"https:\/\/fliegerblog.rjs.de\/index.php?rest_route=%2Fwp%2Fv2%2Fmedia&parent=1105"}],"wp:term":[{"taxonomy":"category","embeddable":true,"href":"https:\/\/fliegerblog.rjs.de\/index.php?rest_route=%2Fwp%2Fv2%2Fcategories&post=1105"},{"taxonomy":"post_tag","embeddable":true,"href":"https:\/\/fliegerblog.rjs.de\/index.php?rest_route=%2Fwp%2Fv2%2Ftags&post=1105"}],"curies":[{"name":"wp","href":"https:\/\/api.w.org\/{rel}","templated":true}]}}