{"id":110,"date":"2007-04-11T21:26:00","date_gmt":"2007-04-11T21:26:00","guid":{"rendered":"http:\/\/www.rjs.de\/fliegerblog\/?p=110"},"modified":"2007-04-11T21:26:00","modified_gmt":"2007-04-11T21:26:00","slug":"sonne-no-und-wenig-wind","status":"publish","type":"post","link":"https:\/\/fliegerblog.rjs.de\/?p=110","title":{"rendered":"Sonne, NO und wenig Wind"},"content":{"rendered":"<p>Heute war Spielen an einem wirklich kleinen \u00dcbungshang angesagt. War ab 17:00 Uhr am Hang, 2 aus unserer Fliegertruppe kamen kurz nach 18:00 uhr mit ihren Modellen (waren wohl zu faul zum Hanghochlaufen mit Schirm). Zwar nur wenig Wind aus NO, aber der \u00dcbungshangshang ist nahe und sehr steil, so dass man auf jeden Fall in die Luft kommt. Und da 7 Sonnen am Himmel standen und es f\u00fcr Anfang April brutal warm war, kann man sich schlechtere Sachen f\u00fcr den fr\u00fchen Abend vorstellen als ein bisschen am Hang zu h\u00fcpfen. Leider sagt <span style=\"font-weight:bold;\">h\u00fcpfen<\/span> aber schon, dass ich bei den zig Versuchen zwischen 17:00 und 19:00 Uhr nicht gerade lange in der Luft war. Allerdings konnte ich mich 2x am Hang kurz halten und 1x toplanden. Sonst nur kurze Abgleiter mit S-B\u00f6gen. Aber als kleines Abendtraining bei kurzer Anfahrt dennoch ganz nett.<\/p>\n<div class=\"blogger-post-footer\"><script type=\"text\/javascript\"><!--\ngoogle_ad_client = \"pub-4702984279656494\";\ngoogle_ad_width = 468;\ngoogle_ad_height = 60;\ngoogle_ad_format = \"468x60_as_rimg\";\ngoogle_cpa_choice = \"CAAQlNHphwIaCFxy_-mnISvEKNDv6n4\";\ngoogle_ad_channel = \"0174140724\";\n\/\/--><\/script><br \/>\n<script type=\"text\/javascript\" src=\"http:\/\/pagead2.googlesyndication.com\/pagead\/show_ads.js\">\n<\/script><\/div>\n","protected":false},"excerpt":{"rendered":"<p>Heute war Spielen an einem wirklich kleinen \u00dcbungshang angesagt. War ab 17:00 Uhr am Hang, 2 aus unserer Fliegertruppe kamen kurz nach 18:00 uhr mit ihren Modellen (waren wohl zu faul zum Hanghochlaufen mit Schirm). Zwar nur wenig Wind aus NO, aber der \u00dcbungshangshang ist nahe und sehr steil, so dass man auf jeden Fall &hellip; <a href=\"https:\/\/fliegerblog.rjs.de\/?p=110\" class=\"more-link\"><span class=\"screen-reader-text\">\u201eSonne, NO und wenig Wind\u201c<\/span> weiterlesen<\/a><\/p>\n","protected":false},"author":1,"featured_media":0,"comment_status":"open","ping_status":"open","sticky":false,"template":"","format":"standard","meta":{"jetpack_post_was_ever_published":false,"footnotes":"","jetpack_publicize_message":"","jetpack_is_tweetstorm":false,"jetpack_publicize_feature_enabled":true,"jetpack_social_options":[]},"categories":[2],"tags":[],"class_list":["post-110","post","type-post","status-publish","format-standard","hentry","category-allgemein"],"jetpack_publicize_connections":[],"jetpack_featured_media_url":"","jetpack_shortlink":"https:\/\/wp.me\/p788kK-1M","jetpack-related-posts":[{"id":609,"url":"https:\/\/fliegerblog.rjs.de\/?p=609","url_meta":{"origin":110,"position":0},"title":"Das m\u00fcsste der Jahresabschluss gewesen sein &#8211; und der war gar nicht so schlecht","date":"Dezember 29, 2012","format":false,"excerpt":"Oh man, ich war ja ewig nicht mehr richtig mit dem Schirm in der Luft. Am 1. Dezember habe ich kurz am Hang gespielt und Mitte Oktober gab es einen mittelschwachen Flugtag in Reichenbach. Anfang Oktober war somit der letzte richtige Flugtag f\u00fcr mich gewesen. Klar - die Sp\u00e4therbst- und\u2026","rel":"","context":"In &quot;Allgemein&quot;","img":{"alt_text":"","src":"https:\/\/i0.wp.com\/3.bp.blogspot.com\/-S4EYK47t1Ak\/UN8gmXksVCI\/AAAAAAAABPY\/WTG5msR9GaY\/s320\/20121229_121349.jpg?resize=350%2C200","width":350,"height":200},"classes":[]},{"id":1806,"url":"https:\/\/fliegerblog.rjs.de\/?p=1806","url_meta":{"origin":110,"position":1},"title":"Pers\u00f6nlicher H\u00f6henrekord in AH","date":"Mai 29, 2021","format":false,"excerpt":"\u00a0 Ich denke, dass ich gut 2 Jahre nicht mehr in Arnoldshain geflogen bin. Aber da die f\u00fcr heute geplante Er\u00f6ffnung der Schleppsaison bei der Schleppgemeinschaft Rheinhessen kurzfristig wegen dem Anstieg der Corona-Zahlen im Landkreis abgesagt werden musste, bin ich nach Arnoldshain. Im Moment gibt es sowieso kaum Alternativen, weil\u2026","rel":"","context":"\u00c4hnlicher Beitrag","img":{"alt_text":"","src":"https:\/\/i0.wp.com\/1.bp.blogspot.com\/-7BAQ-gzpIE8\/YLJVuThN6sI\/AAAAAAAAGDo\/E4n3kkEpkfcANezO_rqfUT3FCzx_jqePgCLcBGAsYHQ\/w640-h480\/IMG_20210529_132019.jpg?resize=350%2C200&ssl=1","width":350,"height":200},"classes":[]},{"id":2028,"url":"https:\/\/fliegerblog.rjs.de\/?p=2028","url_meta":{"origin":110,"position":2},"title":"Entsanden","date":"August 5, 2023","format":false,"excerpt":"Das H\u00fcpfen in Reichenbach kann nat\u00fcrlich dem Soaren an der D\u00fcne in D\u00e4nemark nicht das Wasser reichen. Aber zum Einen muss man bei dem miesen Wetter derzeit in unseren Breiten jede Chance nutzen und zum Anderen wollte ich mein Fluggeraffel nochmal richtig entsanden. Denn nach der genialen Morgensession in Hvide\u2026","rel":"","context":"\u00c4hnlicher Beitrag","img":{"alt_text":"","src":"https:\/\/i0.wp.com\/blogger.googleusercontent.com\/img\/b\/R29vZ2xl\/AVvXsEhQ7MD5nDBpa5EY4yqzkud_Tt0ksU45fKneeHSw8FwIfa3mmCLffS9-_UR64WiBZhK87Pzttr1mGuC7YDryfY8m1m2U40CTj6GR7aMbYr20v93xmWIMCTu6pDtEtsLX7Pqu9IuCSlHLwIyZitTj-80pUzgVSx1iT97U6cQ9KksltSAfj5CKUtkPJVjrZ0Vk\/w360-h640\/WhatsApp%20Image%202023-08-05%20at%2012.52.40.jpeg?resize=350%2C200&ssl=1","width":350,"height":200},"classes":[]},{"id":477,"url":"https:\/\/fliegerblog.rjs.de\/?p=477","url_meta":{"origin":110,"position":3},"title":"Superbedingugen und Rekordfl\u00fcge ;-)","date":"September 21, 2011","format":false,"excerpt":"Heute bin ich um 14:00 Uhr am Hang in Reichenbach aufgelaufen. Wind war zwar schwach vorhergesagt (5 - 7 Knoten), aber aus der richtigen Richtung. Und da es sonnig war, konnte man Thermik erwarten. Und in der Tat stand der Wind perfekt als ich kam. Ich war die ersten 20\u2026","rel":"","context":"In &quot;Allgemein&quot;","img":{"alt_text":"","src":"","width":0,"height":0},"classes":[]},{"id":318,"url":"https:\/\/fliegerblog.rjs.de\/?p=318","url_meta":{"origin":110,"position":4},"title":"Am Ende war es doch gut","date":"Mai 15, 2010","format":false,"excerpt":"Die Prognosen f\u00fcr heute waren die letzten Tage ziemlich gut f\u00fcr MF. Zumindest in den Webdiensten, die ich angesehen habe. Nur die Wetterzentrale hatte f\u00fcr heute Nachmittag starken Nordwind mit B\u00f6en angesagt, der bis zum Abend auch noch zunehmen sollte. Heute morgen waren dann alle Prognosen darauf eingeschwenkt. Und so\u2026","rel":"","context":"In &quot;Allgemein&quot;","img":{"alt_text":"","src":"","width":0,"height":0},"classes":[]},{"id":599,"url":"https:\/\/fliegerblog.rjs.de\/?p=599","url_meta":{"origin":110,"position":5},"title":"Bockig","date":"Oktober 2, 2012","format":false,"excerpt":"Heute war es ziemlich sportlich am Hang. Hatte schon aus den Prognosen gesehen, dass der Wind st\u00e4rker als gestern werden sollte. Da aber gestern die Thermik viel zu den guten Bedingungen beigetragen hatte, habe ich darauf spekuliert, dass es beim Nachlassen der Thermik fliegbar w\u00fcrde. Als die Thermik gestern gegen\u2026","rel":"","context":"In &quot;Allgemein&quot;","img":{"alt_text":"","src":"","width":0,"height":0},"classes":[]}],"_links":{"self":[{"href":"https:\/\/fliegerblog.rjs.de\/index.php?rest_route=\/wp\/v2\/posts\/110","targetHints":{"allow":["GET"]}}],"collection":[{"href":"https:\/\/fliegerblog.rjs.de\/index.php?rest_route=\/wp\/v2\/posts"}],"about":[{"href":"https:\/\/fliegerblog.rjs.de\/index.php?rest_route=\/wp\/v2\/types\/post"}],"author":[{"embeddable":true,"href":"https:\/\/fliegerblog.rjs.de\/index.php?rest_route=\/wp\/v2\/users\/1"}],"replies":[{"embeddable":true,"href":"https:\/\/fliegerblog.rjs.de\/index.php?rest_route=%2Fwp%2Fv2%2Fcomments&post=110"}],"version-history":[{"count":0,"href":"https:\/\/fliegerblog.rjs.de\/index.php?rest_route=\/wp\/v2\/posts\/110\/revisions"}],"wp:attachment":[{"href":"https:\/\/fliegerblog.rjs.de\/index.php?rest_route=%2Fwp%2Fv2%2Fmedia&parent=110"}],"wp:term":[{"taxonomy":"category","embeddable":true,"href":"https:\/\/fliegerblog.rjs.de\/index.php?rest_route=%2Fwp%2Fv2%2Fcategories&post=110"},{"taxonomy":"post_tag","embeddable":true,"href":"https:\/\/fliegerblog.rjs.de\/index.php?rest_route=%2Fwp%2Fv2%2Ftags&post=110"}],"curies":[{"name":"wp","href":"https:\/\/api.w.org\/{rel}","templated":true}]}}