{"id":11,"date":"2008-12-29T19:43:00","date_gmt":"2008-12-29T19:43:00","guid":{"rendered":"http:\/\/www.rjs.de\/fliegerblog\/?p=11"},"modified":"2008-12-29T19:43:00","modified_gmt":"2008-12-29T19:43:00","slug":"jahresabschluss-bei-ostwind","status":"publish","type":"post","link":"https:\/\/fliegerblog.rjs.de\/?p=11","title":{"rendered":"Jahresabschluss bei Ostwind"},"content":{"rendered":"<p><a onblur=\"try {parent.deselectBloggerImageGracefully();} catch(e) {}\" href=\"https:\/\/i0.wp.com\/1.bp.blogspot.com\/_lY4VOIwoBZk\/SVkagrYHUNI\/AAAAAAAAAPQ\/l3jY0KfvsEY\/s1600-h\/29122008(001).jpg\"><img decoding=\"async\" style=\"float:left; margin:0 10px 10px 0;cursor:pointer; cursor:hand;width: 320px; height: 240px;\" src=\"https:\/\/i0.wp.com\/1.bp.blogspot.com\/_lY4VOIwoBZk\/SVkagrYHUNI\/AAAAAAAAAPQ\/l3jY0KfvsEY\/s320\/29122008(001).jpg?w=840\" border=\"0\" alt=\"\" id=\"BLOGGER_PHOTO_ID_5285284786397991122\" data-recalc-dims=\"1\" \/><\/a><br \/><a onblur=\"try {parent.deselectBloggerImageGracefully();} catch(e) {}\" href=\"https:\/\/i0.wp.com\/4.bp.blogspot.com\/_lY4VOIwoBZk\/SVkaf9YNp8I\/AAAAAAAAAPI\/zDXiUBa8YkI\/s1600-h\/29122008.jpg\"><img decoding=\"async\" style=\"float:left; margin:0 10px 10px 0;cursor:pointer; cursor:hand;width: 320px; height: 240px;\" src=\"https:\/\/i0.wp.com\/4.bp.blogspot.com\/_lY4VOIwoBZk\/SVkaf9YNp8I\/AAAAAAAAAPI\/zDXiUBa8YkI\/s320\/29122008.jpg?w=840\" border=\"0\" alt=\"\" id=\"BLOGGER_PHOTO_ID_5285284774050375618\" data-recalc-dims=\"1\" \/><\/a>Es ist mal wieder Ostwind. Ich h\u00e4tte nach KH fahren sollen, denn da muss es richtig gut gegangen sein. Nur mein Gurtzeug ist nicht ganz in Ordnung (gl\u00fccklicher Weise nicht viel kaputt &#8211; war heute abend einfach zu reparieren) und heute morgen hatte ich zudem zuviel zu tun. War letztendlich etwas zu sp\u00e4t f\u00fcr den Tripp dar\u00fcber. Aber wie gesagt &#8211; w\u00e4re die bessere Entscheidung gewesen. <br \/>Denn in Schlossborn, wo wir letztendlich am Nachmittag mit 4 Fliegern waren, ging nur groundhandlen bzw. Minifl\u00fcge mit hohem Risiko. Denn es hat tierisch gebockt. Obwohl ich es nicht wahrhaben m\u00f6chte &#8211; bei Ostwind sollte man im Taunus den Schirm eigentlich besser eingepackt lassen. Aber die Supersonne konnte ich einfach nicht ungenutzt lassen. <br \/>Morgen werde ich wohl rein zeitlich nix machen k\u00f6nnen und damit ist das Fliegerjahr heute wohl beendet worden. War kein gutes Jahr. Au\u00dfer ein paar guten Fl\u00fcgen an der Winde, meinem Superflug in Reichenbach und nat\u00fcrlich mein Flugurlaub an der D\u00fcne in D\u00e4nemark gab es wenige Fliegerhighlights. Ich hoffe auf ein besseres 2009.<br \/>Dann auch mit neuem Schirm.<\/p>\n<div class=\"blogger-post-footer\"><script type=\"text\/javascript\"><!--\ngoogle_ad_client = \"pub-4702984279656494\";\ngoogle_ad_width = 468;\ngoogle_ad_height = 60;\ngoogle_ad_format = \"468x60_as_rimg\";\ngoogle_cpa_choice = \"CAAQlNHphwIaCFxy_-mnISvEKNDv6n4\";\ngoogle_ad_channel = \"0174140724\";\n\/\/--><\/script><br \/>\n<script type=\"text\/javascript\" src=\"http:\/\/pagead2.googlesyndication.com\/pagead\/show_ads.js\">\n<\/script><\/div>\n","protected":false},"excerpt":{"rendered":"<p>Es ist mal wieder Ostwind. Ich h\u00e4tte nach KH fahren sollen, denn da muss es richtig gut gegangen sein. Nur mein Gurtzeug ist nicht ganz in Ordnung (gl\u00fccklicher Weise nicht viel kaputt &#8211; war heute abend einfach zu reparieren) und heute morgen hatte ich zudem zuviel zu tun. War letztendlich etwas zu sp\u00e4t f\u00fcr den &hellip; <a href=\"https:\/\/fliegerblog.rjs.de\/?p=11\" class=\"more-link\"><span class=\"screen-reader-text\">\u201eJahresabschluss bei Ostwind\u201c<\/span> weiterlesen<\/a><\/p>\n","protected":false},"author":1,"featured_media":0,"comment_status":"open","ping_status":"open","sticky":false,"template":"","format":"standard","meta":{"jetpack_post_was_ever_published":false,"footnotes":"","jetpack_publicize_message":"","jetpack_is_tweetstorm":false,"jetpack_publicize_feature_enabled":true,"jetpack_social_options":[]},"categories":[2],"tags":[],"class_list":["post-11","post","type-post","status-publish","format-standard","hentry","category-allgemein"],"jetpack_publicize_connections":[],"jetpack_featured_media_url":"","jetpack_shortlink":"https:\/\/wp.me\/p788kK-b","jetpack-related-posts":[{"id":424,"url":"https:\/\/fliegerblog.rjs.de\/?p=424","url_meta":{"origin":11,"position":0},"title":"Neue Flugrouten am Frankfurter Flughafen &#8211; Ostwind ist sch&#8230;","date":"April 27, 2011","format":false,"excerpt":"Wie schon mehrfach gepostet, ist hier in der Gegend Ostwind verdammter Mist. Denn es gibt in der N\u00e4he keinen einzigen brauchbaren Hang zum Gleitschirmfliegen. Dazu kommt jetzt aber noch eine weitere Komponente, warum ich Ostwind hasse - die neuen Flugrouten am Flughafen Frankfurt. Denn seit einigen Tagen donnern die Jets\u2026","rel":"","context":"In &quot;Allgemein&quot;","img":{"alt_text":"","src":"","width":0,"height":0},"classes":[]},{"id":120,"url":"https:\/\/fliegerblog.rjs.de\/?p=120","url_meta":{"origin":11,"position":1},"title":"Ich hasse irgendwie Ostwind","date":"Februar 17, 2007","format":false,"excerpt":"Bei Ostwind gibt es im Taunus einfach keine gescheiten H\u00e4nge. Da scheinen 7 Sonnen am Himmel und am Freitag t\u00f6nt alles, wie tolles Flugwetter es wird und wir m\u00f6glichst schon vor dem Aufstehen nach KH an einen O-SO-Hang abd\u00fcsen. Und dann kommt keiner aus den P\u00f6tten. Und \u00fcberhaupt w\u00e4re der\u2026","rel":"","context":"In &quot;Allgemein&quot;","img":{"alt_text":"","src":"","width":0,"height":0},"classes":[]},{"id":2147,"url":"https:\/\/fliegerblog.rjs.de\/?p=2147","url_meta":{"origin":11,"position":2},"title":"Deichspringen","date":"Mai 12, 2025","format":false,"excerpt":"In der Tat sieht die Windrichtung weiter so aus als w\u00e4re es die ganze Woche nix mit der gro\u00dfen D\u00fcne in Zoutelande, an der ich letztes Jahr zwei tolle Fl\u00fcge mit etwa einer Stunde Airtime jeweils gehabt habe. Aber es gibt ein paar Alternativen und eine haben wir heute ausprobiert.\u2026","rel":"","context":"\u00c4hnlicher Beitrag","img":{"alt_text":"","src":"https:\/\/i0.wp.com\/blogger.googleusercontent.com\/img\/b\/R29vZ2xl\/AVvXsEiQeYKmblJJfPYyiDl-Fu1tVbeIcQFrmzCCHcYeoSU0Jhp63ZD9bLbgIeLo83z-EDbw4Yqx48nkqu27gODk0Tch6jciV8KScf-pfXb9qFw4is6RDboB9kqn4ir47lAsNWAaX6NneKwcKm-aUQe_eTVgfz30V6UmodOqn5L5V3qkNa19adXBBfulrAJdMS_U\/s320\/25-05-12%2011-51-48%209160.jpg?resize=350%2C200&ssl=1","width":350,"height":200},"classes":[]},{"id":109,"url":"https:\/\/fliegerblog.rjs.de\/?p=109","url_meta":{"origin":11,"position":3},"title":"Sonniger Schleppnachmittag in LS","date":"April 13, 2007","format":false,"excerpt":"Unser Verein hat zwsichen Bad Schwalbach und Limburg ein Schleppgel\u00e4nde zur Verf\u00fcgung, dass wir mit Segelfliegern teilen. Freitags ist aber immer der Platz f\u00fcr uns reserviert. F\u00fcr heute war recht strammer Ostwind angesagt, aber wir haben es trotzdem versucht. Hat sich auch gelohnt. Kamen f\u00fcr mich zwar nur 4 Fl\u00fcge\u2026","rel":"","context":"In &quot;Allgemein&quot;","img":{"alt_text":"","src":"","width":0,"height":0},"classes":[]},{"id":1467,"url":"https:\/\/fliegerblog.rjs.de\/?p=1467","url_meta":{"origin":11,"position":4},"title":"Ostwind und Neugier","date":"Juni 30, 2018","format":false,"excerpt":"Zwar legt der Sommer an diesem Wochenende wieder ein rasantes Zwischenspiel mit viel Sonne und extrem hohen Temperaturen ein, aber es gibt auch best\u00e4ndigen Ostwind. Und das ist bei uns in der Gegend immer mau. Das geplante Schleppen in Singhofen heute wurde abgesagt, weil der Wind sowohl quer zur Bahn\u2026","rel":"","context":"\u00c4hnlicher Beitrag","img":{"alt_text":"","src":"https:\/\/i0.wp.com\/3.bp.blogspot.com\/-zNIcIqfNllE\/WzkbyHQwY_I\/AAAAAAAAEAY\/yq7d8A_C_5YxBFC9XpIjA1aI6SiMzUPnwCEwYBhgL\/s640\/WhatsApp%2BImage%2B2018-06-30%2Bat%2B12.14.09.jpeg?resize=350%2C200&ssl=1","width":350,"height":200},"classes":[]},{"id":44,"url":"https:\/\/fliegerblog.rjs.de\/?p=44","url_meta":{"origin":11,"position":5},"title":"Lange umsonst gewartet","date":"Mai 10, 2008","format":false,"excerpt":"Gestern wollten wir im eigenen Verein die Schleppsaison er\u00f6ffnen. Wir haben in LS ewig auf fliegbare Bedingungen gewartet, aber leider umsonst. War einfach zu heftig. Ostwind im Taunus ist sch...Nix als einige Stunden Bodenspiele mit dem Schirm drin gewesen.","rel":"","context":"In &quot;Allgemein&quot;","img":{"alt_text":"","src":"","width":0,"height":0},"classes":[]}],"_links":{"self":[{"href":"https:\/\/fliegerblog.rjs.de\/index.php?rest_route=\/wp\/v2\/posts\/11","targetHints":{"allow":["GET"]}}],"collection":[{"href":"https:\/\/fliegerblog.rjs.de\/index.php?rest_route=\/wp\/v2\/posts"}],"about":[{"href":"https:\/\/fliegerblog.rjs.de\/index.php?rest_route=\/wp\/v2\/types\/post"}],"author":[{"embeddable":true,"href":"https:\/\/fliegerblog.rjs.de\/index.php?rest_route=\/wp\/v2\/users\/1"}],"replies":[{"embeddable":true,"href":"https:\/\/fliegerblog.rjs.de\/index.php?rest_route=%2Fwp%2Fv2%2Fcomments&post=11"}],"version-history":[{"count":0,"href":"https:\/\/fliegerblog.rjs.de\/index.php?rest_route=\/wp\/v2\/posts\/11\/revisions"}],"wp:attachment":[{"href":"https:\/\/fliegerblog.rjs.de\/index.php?rest_route=%2Fwp%2Fv2%2Fmedia&parent=11"}],"wp:term":[{"taxonomy":"category","embeddable":true,"href":"https:\/\/fliegerblog.rjs.de\/index.php?rest_route=%2Fwp%2Fv2%2Fcategories&post=11"},{"taxonomy":"post_tag","embeddable":true,"href":"https:\/\/fliegerblog.rjs.de\/index.php?rest_route=%2Fwp%2Fv2%2Ftags&post=11"}],"curies":[{"name":"wp","href":"https:\/\/api.w.org\/{rel}","templated":true}]}}