{"id":109,"date":"2007-04-13T19:47:00","date_gmt":"2007-04-13T19:47:00","guid":{"rendered":"http:\/\/www.rjs.de\/fliegerblog\/?p=109"},"modified":"2007-04-13T19:47:00","modified_gmt":"2007-04-13T19:47:00","slug":"sonniger-schleppnachmittag-in-ls","status":"publish","type":"post","link":"https:\/\/fliegerblog.rjs.de\/?p=109","title":{"rendered":"Sonniger Schleppnachmittag in LS"},"content":{"rendered":"<p>Unser Verein hat zwsichen Bad Schwalbach und Limburg ein Schleppgel\u00e4nde zur Verf\u00fcgung, dass wir mit Segelfliegern  teilen. Freitags ist aber immer der Platz f\u00fcr uns reserviert. F\u00fcr heute war recht strammer Ostwind angesagt, aber wir haben es trotzdem versucht. Hat sich auch gelohnt. Kamen f\u00fcr mich zwar nur 4 Fl\u00fcge raus (zwischenzeitlich war mir der Wind zu stark und die Sache zu bockig), aber immerhin auf etwa 200 &#8211; 250 Meter H\u00f6he ausgeklinkt und jeweils \u00fcber 5 Minuten geflogen. Leider nicht l\u00e4nger, denn der Wind hat wohl die gesamte Thermik verblassen.<br \/>War aber sch\u00f6n sonnig und warm und nach dem vielen Soaren am Hang war ein bisschen H\u00f6he mal wieder was anderes.<\/p>\n<div class=\"blogger-post-footer\"><script type=\"text\/javascript\"><!--\ngoogle_ad_client = \"pub-4702984279656494\";\ngoogle_ad_width = 468;\ngoogle_ad_height = 60;\ngoogle_ad_format = \"468x60_as_rimg\";\ngoogle_cpa_choice = \"CAAQlNHphwIaCFxy_-mnISvEKNDv6n4\";\ngoogle_ad_channel = \"0174140724\";\n\/\/--><\/script><br \/>\n<script type=\"text\/javascript\" src=\"http:\/\/pagead2.googlesyndication.com\/pagead\/show_ads.js\">\n<\/script><\/div>\n","protected":false},"excerpt":{"rendered":"<p>Unser Verein hat zwsichen Bad Schwalbach und Limburg ein Schleppgel\u00e4nde zur Verf\u00fcgung, dass wir mit Segelfliegern teilen. Freitags ist aber immer der Platz f\u00fcr uns reserviert. F\u00fcr heute war recht strammer Ostwind angesagt, aber wir haben es trotzdem versucht. Hat sich auch gelohnt. Kamen f\u00fcr mich zwar nur 4 Fl\u00fcge raus (zwischenzeitlich war mir der &hellip; <a href=\"https:\/\/fliegerblog.rjs.de\/?p=109\" class=\"more-link\"><span class=\"screen-reader-text\">\u201eSonniger Schleppnachmittag in LS\u201c<\/span> weiterlesen<\/a><\/p>\n","protected":false},"author":1,"featured_media":0,"comment_status":"open","ping_status":"open","sticky":false,"template":"","format":"standard","meta":{"jetpack_post_was_ever_published":false,"footnotes":"","jetpack_publicize_message":"","jetpack_is_tweetstorm":false,"jetpack_publicize_feature_enabled":true,"jetpack_social_options":[]},"categories":[2],"tags":[],"class_list":["post-109","post","type-post","status-publish","format-standard","hentry","category-allgemein"],"jetpack_publicize_connections":[],"jetpack_featured_media_url":"","jetpack_shortlink":"https:\/\/wp.me\/p788kK-1L","jetpack-related-posts":[{"id":609,"url":"https:\/\/fliegerblog.rjs.de\/?p=609","url_meta":{"origin":109,"position":0},"title":"Das m\u00fcsste der Jahresabschluss gewesen sein &#8211; und der war gar nicht so schlecht","date":"Dezember 29, 2012","format":false,"excerpt":"Oh man, ich war ja ewig nicht mehr richtig mit dem Schirm in der Luft. Am 1. Dezember habe ich kurz am Hang gespielt und Mitte Oktober gab es einen mittelschwachen Flugtag in Reichenbach. Anfang Oktober war somit der letzte richtige Flugtag f\u00fcr mich gewesen. Klar - die Sp\u00e4therbst- und\u2026","rel":"","context":"In &quot;Allgemein&quot;","img":{"alt_text":"","src":"https:\/\/i0.wp.com\/3.bp.blogspot.com\/-S4EYK47t1Ak\/UN8gmXksVCI\/AAAAAAAABPY\/WTG5msR9GaY\/s320\/20121229_121349.jpg?resize=350%2C200","width":350,"height":200},"classes":[]},{"id":1925,"url":"https:\/\/fliegerblog.rjs.de\/?p=1925","url_meta":{"origin":109,"position":1},"title":"Tricky Wetterbedingungen, aber sch\u00f6ne 2 Fl\u00fcge","date":"Mai 8, 2022","format":false,"excerpt":"Heute war ich wieder beim Schleppen in Singhofen und mit zwei gar nicht so schlechten Fl\u00fcgen recht zufrieden. Insbesondere der 2. Flug war gut. Sehr gute Ausklinkh\u00f6he, dann auch weiter Steigen und ich bin bis r\u00fcber zum Dorf geflogen. Da ging es aber abw\u00e4rts und\u00a0 ich habe mich zur\u00fcck zum\u2026","rel":"","context":"\u00c4hnlicher Beitrag","img":{"alt_text":"","src":"https:\/\/i0.wp.com\/blogger.googleusercontent.com\/img\/b\/R29vZ2xl\/AVvXsEhCRnPGmQgrGLL3iEKgtLtpjxSnd2668PQYYTVnJHFr8CQUqBDeEgLn7y3B4tt_xP6f85bXnIp7q26jKlbtn9B84tpEMb64dpJjBSEX40ZP4UrgTfkvRy8IRFOFPbrVtvWPFypO_vlR4qhg8hKmnNsv0QG911Q9Ewth4yCNz9NhfmsvBlBuc9cOFjZJsA\/w400-h200\/IMG_20220508_134814.jpg?resize=350%2C200&ssl=1","width":350,"height":200},"classes":[]},{"id":30,"url":"https:\/\/fliegerblog.rjs.de\/?p=30","url_meta":{"origin":109,"position":2},"title":"Endlich wieder :-)))","date":"September 21, 2008","format":false,"excerpt":"Ja!! Endlich hat der N-Hang in MF mal wieder sein Potential gezeigt. Zuerst habe ich \u00fcber die letzten Tage vorsichtig f\u00fcr heute wegen N-Wind im Forum angefragt, aber die Kommentaren waren sogar noch gegen 13:00 Uhr eher \"das Windrad in der Webcam steht voll auf Ost - ich w\u00fcrde es\u2026","rel":"","context":"In &quot;Allgemein&quot;","img":{"alt_text":"","src":"","width":0,"height":0},"classes":[]},{"id":1849,"url":"https:\/\/fliegerblog.rjs.de\/?p=1849","url_meta":{"origin":109,"position":3},"title":"Erstmals in Boos geflogen","date":"September 2, 2021","format":false,"excerpt":"Seit etwa Mai habe ich eine Jahreskarte f\u00fcr 5 H\u00e4nge in der Gegend von Bad Kreuznach, aber ausser in Auen bin ich bisher nach der Einweisung noch nicht dahin gekommen. Da wir leider an einigen meiner Stammh\u00e4nge Stress haben bzw. die im Moment gar nicht genutzt werden k\u00f6nnen, will ich\u2026","rel":"","context":"\u00c4hnlicher Beitrag","img":{"alt_text":"","src":"https:\/\/i0.wp.com\/1.bp.blogspot.com\/-RKydpWKO75k\/YTD3P_bimaI\/AAAAAAAAGS0\/MxI4CVe2INQkUxcJxZKpiOuJOKxQx2CYgCLcBGAsYHQ\/w400-h300\/GOPR9773.JPG?resize=350%2C200&ssl=1","width":350,"height":200},"classes":[]},{"id":1505,"url":"https:\/\/fliegerblog.rjs.de\/?p=1505","url_meta":{"origin":109,"position":4},"title":"Goldiger Oktober","date":"Oktober 5, 2018","format":false,"excerpt":"Der Oktober gibt nochmal alles. Leider war es gestern definitiv zu schwachwindig, aber f\u00fcr heute waren die Prognosen nicht schlecht. Eigentlich wollte ich unbedingt mal wieder auf die Wasserkuppe, denn obwohl ich da meine Ausbildung gemacht hatte, bin ich als Freiflieger kaum noch auf der Waku gewesen. Und die Aussichten\u2026","rel":"","context":"\u00c4hnlicher Beitrag","img":{"alt_text":"","src":"https:\/\/i0.wp.com\/1.bp.blogspot.com\/-VZfha2s8Gag\/W7egVtuJh6I\/AAAAAAAAEJY\/OqW7OgY-d0sYbBVrzHvQj-w7MCDXR1qDgCLcBGAs\/s400\/IMG_20181005_122130.jpg?resize=350%2C200&ssl=1","width":350,"height":200},"classes":[]},{"id":6,"url":"https:\/\/fliegerblog.rjs.de\/?p=6","url_meta":{"origin":109,"position":5},"title":"Erste H\u00f6henfl\u00fcge des Jahres","date":"Februar 8, 2009","format":false,"excerpt":"Nachdem es f\u00fcr gestern in den Prognosen endlich wieder nach Nordwind ausgesehen hatte, war die Entt\u00e4uschung um so gr\u00f6\u00dfer als des den ganzen Tag geregnet hatte :-(.Heute sah es daf\u00fcr eigentlich mau aus. Im Forum haben wir den ganzen Morgen diskutiert, was man denn bei dem angek\u00fcndigten Westwind machen k\u00f6nnte.\u2026","rel":"","context":"In &quot;Allgemein&quot;","img":{"alt_text":"","src":"https:\/\/i0.wp.com\/img.youtube.com\/vi\/2E1JDRzaVqk\/0.jpg?resize=350%2C200","width":350,"height":200},"classes":[]}],"_links":{"self":[{"href":"https:\/\/fliegerblog.rjs.de\/index.php?rest_route=\/wp\/v2\/posts\/109","targetHints":{"allow":["GET"]}}],"collection":[{"href":"https:\/\/fliegerblog.rjs.de\/index.php?rest_route=\/wp\/v2\/posts"}],"about":[{"href":"https:\/\/fliegerblog.rjs.de\/index.php?rest_route=\/wp\/v2\/types\/post"}],"author":[{"embeddable":true,"href":"https:\/\/fliegerblog.rjs.de\/index.php?rest_route=\/wp\/v2\/users\/1"}],"replies":[{"embeddable":true,"href":"https:\/\/fliegerblog.rjs.de\/index.php?rest_route=%2Fwp%2Fv2%2Fcomments&post=109"}],"version-history":[{"count":0,"href":"https:\/\/fliegerblog.rjs.de\/index.php?rest_route=\/wp\/v2\/posts\/109\/revisions"}],"wp:attachment":[{"href":"https:\/\/fliegerblog.rjs.de\/index.php?rest_route=%2Fwp%2Fv2%2Fmedia&parent=109"}],"wp:term":[{"taxonomy":"category","embeddable":true,"href":"https:\/\/fliegerblog.rjs.de\/index.php?rest_route=%2Fwp%2Fv2%2Fcategories&post=109"},{"taxonomy":"post_tag","embeddable":true,"href":"https:\/\/fliegerblog.rjs.de\/index.php?rest_route=%2Fwp%2Fv2%2Ftags&post=109"}],"curies":[{"name":"wp","href":"https:\/\/api.w.org\/{rel}","templated":true}]}}