{"id":107,"date":"2007-04-20T22:33:00","date_gmt":"2007-04-20T22:33:00","guid":{"rendered":"http:\/\/www.rjs.de\/fliegerblog\/?p=107"},"modified":"2007-04-20T22:33:00","modified_gmt":"2007-04-20T22:33:00","slug":"heftige-thermikablosungen","status":"publish","type":"post","link":"https:\/\/fliegerblog.rjs.de\/?p=107","title":{"rendered":"Heftige Thermikabl\u00f6sungen"},"content":{"rendered":"<p>Heute war es heftig am Hang (MFK). Wind mittelstark aus NW, aber sehr sonnig. Und es sind Thermikabl\u00f6sungen durchgegangen, die hatten es m\u00e4chtig in sich. War extrem schwer kalkulierbar, da zwischenzeitlich immer wieder sehr ruhige Phasen dabei waren. <br \/>Ich habe mich wohl auch f\u00fcr meine fliegerischen M\u00f6glichkeiten teilweise \u00fcbernommen. Zuerst bin ich ein paar mal von dem oberen Startplatz raus, aber nachdem ich einmal fast 50 Meter nach oben geschleudert wurde und dort trotz voll getretenem Speedsystem r\u00fcckw\u00e4rts geflogen bin (und weiter gestiegen &#8211; dazu noch ein Klapper), habe ich meine Aktivit\u00e4ten an die untere Kante im Hang verlagert (wie fast alle anderen auch). <br \/>Selbst da ging es teilweise 50 Meter nach oben und minutenlang soaren. Aber die Abl\u00f6sungen waren mir insgesamt zu heftig und die Sache zu bockig, als dass es richtig Spass gemacht h\u00e4tte. Zwar definitiv von der H\u00f6he als auch Zeit Rekordfl\u00fcge f\u00fcr mich, aber so sportlich, dass es mich wirklich meine derzeitigen fliegerischen Grenzen gebracht hat. Aber ich habe heute viel gelernt, denke ich.<br \/>Dazu wurde es \u00fcber den Nachmittag tierisch voll. Vielleicht 30 Leute da gewesen und 15 Schirme gleichzeitig am werkeln. Gegen 18:00 Uhr bin ich dann auf die Arbeit. Aber selbst da sind die Leute teilweise noch heftig hin- und her gezerrt worden. Und es kamen immer mehr Flieger.<\/p>\n<div class=\"blogger-post-footer\"><script type=\"text\/javascript\"><!--\ngoogle_ad_client = \"pub-4702984279656494\";\ngoogle_ad_width = 468;\ngoogle_ad_height = 60;\ngoogle_ad_format = \"468x60_as_rimg\";\ngoogle_cpa_choice = \"CAAQlNHphwIaCFxy_-mnISvEKNDv6n4\";\ngoogle_ad_channel = \"0174140724\";\n\/\/--><\/script><br \/>\n<script type=\"text\/javascript\" src=\"http:\/\/pagead2.googlesyndication.com\/pagead\/show_ads.js\">\n<\/script><\/div>\n","protected":false},"excerpt":{"rendered":"<p>Heute war es heftig am Hang (MFK). Wind mittelstark aus NW, aber sehr sonnig. Und es sind Thermikabl\u00f6sungen durchgegangen, die hatten es m\u00e4chtig in sich. War extrem schwer kalkulierbar, da zwischenzeitlich immer wieder sehr ruhige Phasen dabei waren. Ich habe mich wohl auch f\u00fcr meine fliegerischen M\u00f6glichkeiten teilweise \u00fcbernommen. Zuerst bin ich ein paar mal &hellip; <a href=\"https:\/\/fliegerblog.rjs.de\/?p=107\" class=\"more-link\"><span class=\"screen-reader-text\">\u201eHeftige Thermikabl\u00f6sungen\u201c<\/span> weiterlesen<\/a><\/p>\n","protected":false},"author":1,"featured_media":0,"comment_status":"open","ping_status":"open","sticky":false,"template":"","format":"standard","meta":{"jetpack_post_was_ever_published":false,"footnotes":"","jetpack_publicize_message":"","jetpack_is_tweetstorm":false,"jetpack_publicize_feature_enabled":true,"jetpack_social_options":[]},"categories":[2],"tags":[],"class_list":["post-107","post","type-post","status-publish","format-standard","hentry","category-allgemein"],"jetpack_publicize_connections":[],"jetpack_featured_media_url":"","jetpack_shortlink":"https:\/\/wp.me\/p788kK-1J","jetpack-related-posts":[{"id":311,"url":"https:\/\/fliegerblog.rjs.de\/?p=311","url_meta":{"origin":107,"position":0},"title":"Best Day ever in MF?","date":"April 16, 2010","format":false,"excerpt":"War heute ab etwa 13:30 Uhr am MFK. Da war gerade ein Flieger schon da, den ich aber nicht gekannt habe. Bis zum Abend kamen jedoch gut 20 Flieger an den Hang, denn bei den RMLern wurde der heutige Tag im Vorfeld ziemlich beworben. Und das wohl nicht zu unrecht,\u2026","rel":"","context":"In &quot;Allgemein&quot;","img":{"alt_text":"","src":"","width":0,"height":0},"classes":[]},{"id":1731,"url":"https:\/\/fliegerblog.rjs.de\/?p=1731","url_meta":{"origin":107,"position":1},"title":"Erst f\u00fcr mich zu bockig, aber dann genial","date":"Juli 20, 2020","format":false,"excerpt":"Ich war heute lange unentschieden, ob ich an den Hang in MF gehen sollte. Die Richtung sah im Vorfeld gut aus, aber einige Prognosen haben B\u00f6en bis 40 km\/h vorhergesagt. Und nach meinen Erfahrungen der letzten Zeit wird es bei den Prognosen am Hang auch heftig. Nach l\u00e4ngerer Diskussion in\u2026","rel":"","context":"\u00c4hnlicher Beitrag","img":{"alt_text":"","src":"https:\/\/i0.wp.com\/1.bp.blogspot.com\/-q2TuBiPoZW4\/XxX8BnWHimI\/AAAAAAAAFh4\/VooJR0b7MVk8PVFr7mnAL9LmCGFzgVd0gCLcBGAsYHQ\/s320\/GOPR5416.JPG?resize=350%2C200&ssl=1","width":350,"height":200},"classes":[]},{"id":269,"url":"https:\/\/fliegerblog.rjs.de\/?p=269","url_meta":{"origin":107,"position":2},"title":"Weihnachtsnachlese","date":"Dezember 27, 2009","format":false,"excerpt":"Gestern ging es wohl ziemlich gut mit Fliegen in Reichenbach. Nur haben mich die \u00fcblichen Weihnachtsverpflichtungen gehindert. Da die Prognosen aber f\u00fcr heute sogar fast noch besser waren, habe ich auf den heutigen Tag Hoffnung gesetzt. Und fr\u00fch am Morgen war in der Webcam auf dem Feldberg auch schon strahlender\u2026","rel":"","context":"In &quot;Allgemein&quot;","img":{"alt_text":"","src":"","width":0,"height":0},"classes":[]},{"id":95,"url":"https:\/\/fliegerblog.rjs.de\/?p=95","url_meta":{"origin":107,"position":3},"title":"Versprochen und gehalten","date":"Juli 31, 2007","format":false,"excerpt":"Endlich mal ein Tag, der das gehalten hat, was er im Vorfeld versprach. Gute NW und Thermik waren angek\u00fcndigt (immer ein Fall f\u00fcr MF) und genau das haben wir bekommen. Obwohl - mit der Thermik war es zeitweise sogar zuviel des Guten. Hauke war zur Mittagsessenszeit alleine am Hang und\u2026","rel":"","context":"In &quot;Allgemein&quot;","img":{"alt_text":"","src":"","width":0,"height":0},"classes":[]},{"id":1464,"url":"https:\/\/fliegerblog.rjs.de\/?p=1464","url_meta":{"origin":107,"position":4},"title":"1 von 3 ist immerhin etwas","date":"Juni 25, 2018","format":false,"excerpt":"Am Samstag war mein Besuch am MFK ein Satz mit X. Nicht einmal den Schirm hochgezogen - so heftig waren die Bedingungen. Am Sonntag habe ich lange gezweifelt, ob ich am sp\u00e4teren Nachmittag hinfahren sollte. Aber mich hat eine Erk\u00e4ltung ziemlich niedergehauen und ich war wegen \u00e4hnlicher Prognosen wie Samstag\u2026","rel":"","context":"\u00c4hnlicher Beitrag","img":{"alt_text":"","src":"https:\/\/i0.wp.com\/3.bp.blogspot.com\/-NSOAO9bd3jM\/WzOzb3FLuBI\/AAAAAAAAEAA\/d50_YO24sUAYK04SW0S6rgeju5O5whO4wCLcBGAs\/s320\/GOPR3192.JPG?resize=350%2C200&ssl=1","width":350,"height":200},"classes":[]},{"id":55,"url":"https:\/\/fliegerblog.rjs.de\/?p=55","url_meta":{"origin":107,"position":5},"title":"Entbuschen und fliegen","date":"M\u00e4rz 8, 2008","format":false,"excerpt":"Heute war Entbuschen des Startplatzes in Reichenbach angesagt. Wir wollten die Startschneise am Wald um ein paar Meter verbreitern. Gegen 10:00 Uhr waren so 6 - 7 Flieger da. Gegen 12:30 Uhr habe ich den Schirm rausgeholt. Ging - wie schon die anderen Tage die letzten Wochen - teils richtig\u2026","rel":"","context":"In &quot;Allgemein&quot;","img":{"alt_text":"","src":"","width":0,"height":0},"classes":[]}],"_links":{"self":[{"href":"https:\/\/fliegerblog.rjs.de\/index.php?rest_route=\/wp\/v2\/posts\/107","targetHints":{"allow":["GET"]}}],"collection":[{"href":"https:\/\/fliegerblog.rjs.de\/index.php?rest_route=\/wp\/v2\/posts"}],"about":[{"href":"https:\/\/fliegerblog.rjs.de\/index.php?rest_route=\/wp\/v2\/types\/post"}],"author":[{"embeddable":true,"href":"https:\/\/fliegerblog.rjs.de\/index.php?rest_route=\/wp\/v2\/users\/1"}],"replies":[{"embeddable":true,"href":"https:\/\/fliegerblog.rjs.de\/index.php?rest_route=%2Fwp%2Fv2%2Fcomments&post=107"}],"version-history":[{"count":0,"href":"https:\/\/fliegerblog.rjs.de\/index.php?rest_route=\/wp\/v2\/posts\/107\/revisions"}],"wp:attachment":[{"href":"https:\/\/fliegerblog.rjs.de\/index.php?rest_route=%2Fwp%2Fv2%2Fmedia&parent=107"}],"wp:term":[{"taxonomy":"category","embeddable":true,"href":"https:\/\/fliegerblog.rjs.de\/index.php?rest_route=%2Fwp%2Fv2%2Fcategories&post=107"},{"taxonomy":"post_tag","embeddable":true,"href":"https:\/\/fliegerblog.rjs.de\/index.php?rest_route=%2Fwp%2Fv2%2Ftags&post=107"}],"curies":[{"name":"wp","href":"https:\/\/api.w.org\/{rel}","templated":true}]}}