{"id":106,"date":"2007-04-21T19:09:00","date_gmt":"2007-04-21T19:09:00","guid":{"rendered":"http:\/\/www.rjs.de\/fliegerblog\/?p=106"},"modified":"2007-04-21T19:09:00","modified_gmt":"2007-04-21T19:09:00","slug":"zuviel-sonne-um-in-der-bude-zu-hocken","status":"publish","type":"post","link":"https:\/\/fliegerblog.rjs.de\/?p=106","title":{"rendered":"Zuviel Sonne um in der Bude zu hocken"},"content":{"rendered":"<p>Nachdem gestern richtiges Fliegen mit heftigen Thermikabl\u00f6sungen angesagt war, wollte ich heute eigentlich gar nicht mit dem Schirm was machen. Aber dann ist mein Nachmittagstermin geplatzt und es war so sonnig, dass wir an den kleinen O-Hang knapp 5 Km von zuhause gegangen sind. Der ist eigentlich nur f\u00fcr Anf\u00e4nger hoch genug, aber die k\u00f6nnten ob der B\u00fcsche und B\u00e4ume dort nicht fliegen. Waren dann halbwegs brauchbare Bedingungen und zumindest kurz in die Luft gekommen. Kein Vergleich mit den letzten Flugtagen, aber da ich jetzt 2 Wochen wahrscheinlich kaum zum Fliegen komme, nehme ich z.Z. mit, was ich bekommen kann ;-).<\/p>\n<div class=\"blogger-post-footer\"><script type=\"text\/javascript\"><!--\ngoogle_ad_client = \"pub-4702984279656494\";\ngoogle_ad_width = 468;\ngoogle_ad_height = 60;\ngoogle_ad_format = \"468x60_as_rimg\";\ngoogle_cpa_choice = \"CAAQlNHphwIaCFxy_-mnISvEKNDv6n4\";\ngoogle_ad_channel = \"0174140724\";\n\/\/--><\/script><br \/>\n<script type=\"text\/javascript\" src=\"http:\/\/pagead2.googlesyndication.com\/pagead\/show_ads.js\">\n<\/script><\/div>\n","protected":false},"excerpt":{"rendered":"<p>Nachdem gestern richtiges Fliegen mit heftigen Thermikabl\u00f6sungen angesagt war, wollte ich heute eigentlich gar nicht mit dem Schirm was machen. Aber dann ist mein Nachmittagstermin geplatzt und es war so sonnig, dass wir an den kleinen O-Hang knapp 5 Km von zuhause gegangen sind. Der ist eigentlich nur f\u00fcr Anf\u00e4nger hoch genug, aber die k\u00f6nnten &hellip; <a href=\"https:\/\/fliegerblog.rjs.de\/?p=106\" class=\"more-link\"><span class=\"screen-reader-text\">\u201eZuviel Sonne um in der Bude zu hocken\u201c<\/span> weiterlesen<\/a><\/p>\n","protected":false},"author":1,"featured_media":0,"comment_status":"open","ping_status":"open","sticky":false,"template":"","format":"standard","meta":{"jetpack_post_was_ever_published":false,"footnotes":"","jetpack_publicize_message":"","jetpack_is_tweetstorm":false,"jetpack_publicize_feature_enabled":true,"jetpack_social_options":[]},"categories":[2],"tags":[],"class_list":["post-106","post","type-post","status-publish","format-standard","hentry","category-allgemein"],"jetpack_publicize_connections":[],"jetpack_featured_media_url":"","jetpack_shortlink":"https:\/\/wp.me\/p788kK-1I","jetpack-related-posts":[{"id":1163,"url":"https:\/\/fliegerblog.rjs.de\/?p=1163","url_meta":{"origin":106,"position":0},"title":"Hitzeschlacht beim Testival in A\u00dflar","date":"Juli 10, 2016","format":false,"excerpt":"Ich war mir heute ganz und gar nicht sicher, was ich flugtechnisch machen sollte. Das ganze Wochenende (eigentlich seit Donnerstag) war f\u00fcr mich mit Fliegen nicht gut gelaufen - hab mich falsch entschieden oder es ist nicht zusammen gekommen. Heute war SW-Wind angek\u00fcndigt und da h\u00e4tte Reichenbach gepasst. Aber da\u2026","rel":"","context":"\u00c4hnlicher Beitrag","img":{"alt_text":"","src":"https:\/\/i0.wp.com\/1.bp.blogspot.com\/-Lm0V3EIp95U\/V4Jy8KQY-UI\/AAAAAAAADCY\/4gRK_YZtro8txwhLde0Chm6T9JlT3cTygCLcB\/s320\/GOPR5843.JPG?resize=350%2C200&ssl=1","width":350,"height":200},"classes":[]},{"id":927,"url":"https:\/\/fliegerblog.rjs.de\/?p=927","url_meta":{"origin":106,"position":1},"title":"Feierabendfliegen bei teils recht knackigen Bedinungen","date":"Mai 4, 2015","format":false,"excerpt":"Heute bin ich gegen 15:45 Uhr in Reichenbach am Hang gewesen. Den ganzen Tag \u00fcber gab es schon S\u00fcdwind, aber auf unserer Messstation im Tal waren teilweise Messwerte von 25 Km\/h zu sehen. Allgemein halten wir es mit der Regel, dass Windgeschwindigkeiten im zweistelligen Bereich an der Station schon leicht\u2026","rel":"","context":"In &quot;Allgemein&quot;","img":{"alt_text":"","src":"","width":0,"height":0},"classes":[]},{"id":292,"url":"https:\/\/fliegerblog.rjs.de\/?p=292","url_meta":{"origin":106,"position":2},"title":"Und nochmal Reichenbach","date":"Februar 21, 2010","format":false,"excerpt":"Bin heute morgen ins Krafttraining, da es \u00fcber Nacht wieder geschneit und mich das nasse, windstille und neblige Wetter wirklich nicht zum Fliegen motiviert hatte. Aber Clemens ist an den Hang und nachdem ich vom Training aus angerufen habe, hat er mich doch zum erneuten Tripp nach Reichenbach motiviert. War\u2026","rel":"","context":"In &quot;Allgemein&quot;","img":{"alt_text":"","src":"","width":0,"height":0},"classes":[]},{"id":665,"url":"https:\/\/fliegerblog.rjs.de\/?p=665","url_meta":{"origin":106,"position":3},"title":"Mit dem Mopped zum Fliegen","date":"Juli 6, 2013","format":false,"excerpt":"Heute hatte ich wegen eines dummen Problems kein Auto zur Verf\u00fcgung, wollte aber bei dem guten Wetter (\u00fcber 25 Grad und 7 Sonnen am Himmel) auf jeden Fall mal in die Luft. Von daher blieb mir nur das Motorrad, f\u00fcr das ich gl\u00fccklicher Weise seit vorgstern Abend wieder T\u00dcV habe.\u2026","rel":"","context":"In &quot;Allgemein&quot;","img":{"alt_text":"","src":"","width":0,"height":0},"classes":[]},{"id":1300,"url":"https:\/\/fliegerblog.rjs.de\/?p=1300","url_meta":{"origin":106,"position":4},"title":"Endlich mal wieder Hanglage","date":"August 14, 2017","format":false,"excerpt":"Ich fliege definitiv lieber am Hang als an der Winde. Aber die letzte Zeit kam ich kaum dazu. Zwar hatte ich mehrere Windentage und das war auch sch\u00f6n. Aber ..das Soaren am Hang ging mir ein paar Wochen schon ab. Heute war es aber wieder soweit. SO-Wind, Sonne und Zeit.\u2026","rel":"","context":"\u00c4hnlicher Beitrag","img":{"alt_text":"","src":"https:\/\/i0.wp.com\/2.bp.blogspot.com\/-pbs9h4i814Q\/WZKPJnKXC3I\/AAAAAAAADgk\/wAFAe1_5sYwRoyogFqnTm1Gt58nofEcZgCLcBGAs\/s640\/IMG-20170814-WA0000.jpg?resize=350%2C200&ssl=1","width":350,"height":200},"classes":[]},{"id":112,"url":"https:\/\/fliegerblog.rjs.de\/?p=112","url_meta":{"origin":106,"position":5},"title":"Schneisenflug im Urlaub","date":"April 6, 2007","format":false,"excerpt":"Irgendwie war wohl die ganze Woche super Flugwetter im Taunus und \u00fcber Ostern sind ein paar von uns ab in die Alpen. Und in bin in Familienurlaub im Fichtelgebirge :-(. Ist zwar auch sch\u00f6n - da will ich gar nix sagen, aber wenn alle anderen fliegen, wird man schon neidisch.\u2026","rel":"","context":"In &quot;Allgemein&quot;","img":{"alt_text":"","src":"","width":0,"height":0},"classes":[]}],"_links":{"self":[{"href":"https:\/\/fliegerblog.rjs.de\/index.php?rest_route=\/wp\/v2\/posts\/106","targetHints":{"allow":["GET"]}}],"collection":[{"href":"https:\/\/fliegerblog.rjs.de\/index.php?rest_route=\/wp\/v2\/posts"}],"about":[{"href":"https:\/\/fliegerblog.rjs.de\/index.php?rest_route=\/wp\/v2\/types\/post"}],"author":[{"embeddable":true,"href":"https:\/\/fliegerblog.rjs.de\/index.php?rest_route=\/wp\/v2\/users\/1"}],"replies":[{"embeddable":true,"href":"https:\/\/fliegerblog.rjs.de\/index.php?rest_route=%2Fwp%2Fv2%2Fcomments&post=106"}],"version-history":[{"count":0,"href":"https:\/\/fliegerblog.rjs.de\/index.php?rest_route=\/wp\/v2\/posts\/106\/revisions"}],"wp:attachment":[{"href":"https:\/\/fliegerblog.rjs.de\/index.php?rest_route=%2Fwp%2Fv2%2Fmedia&parent=106"}],"wp:term":[{"taxonomy":"category","embeddable":true,"href":"https:\/\/fliegerblog.rjs.de\/index.php?rest_route=%2Fwp%2Fv2%2Fcategories&post=106"},{"taxonomy":"post_tag","embeddable":true,"href":"https:\/\/fliegerblog.rjs.de\/index.php?rest_route=%2Fwp%2Fv2%2Ftags&post=106"}],"curies":[{"name":"wp","href":"https:\/\/api.w.org\/{rel}","templated":true}]}}