{"id":105,"date":"2007-05-07T07:56:00","date_gmt":"2007-05-07T07:56:00","guid":{"rendered":"http:\/\/www.rjs.de\/fliegerblog\/?p=105"},"modified":"2007-05-07T07:56:00","modified_gmt":"2007-05-07T07:56:00","slug":"endlich-wieder-in-der-luft","status":"publish","type":"post","link":"https:\/\/fliegerblog.rjs.de\/?p=105","title":{"rendered":"Endlich wieder in der Luft"},"content":{"rendered":"<p>Nachdem ich die letzten 2 Wochen beruflich ziemlich unterwegs bzw. besch\u00e4ftigt war, musste ich die Zeit am Boden kleben bleiben. Dazu kamen zwar 2 Wochen strahlende Sonne, aber eine ziemlich unangenehme Ostlage und da geht hier in der Gegend eigentlich sowieso nix. <br \/>Gestern (also Sonntag &#8211; Post am Abend war nicht m\u00f6glich, da Google wohl gerade von einem Angriff lahmgelegt war) war es aber mal wieder soweit. N\/NW war angek\u00fcndigt und das ist ein Fall f\u00fcr MFK.<br \/>War bereits um 10:00 Uhr da. Als Erster. Aber das war keine gute Wahl. Wind war entgegen der Prognose viel zu westlich. Bis 14:00 Uhr habe ich nur 4 oder 5 magere Abgleiter und einen unangenehmen Startabbruch in einer Dornenhecke hinbekommen.<br \/>Gegen 14:00 Uhr wurde es dann aber voll am Hang und die Bedingungen wurden auch besser.<br \/>Und ab 16:00 Uhr wurde es sogar richtig gut. Wind passte und Thermik. Teilweise richtig gute Fl\u00fcge m\u00f6glich. Gegen 19:00 Uhr bin ich dann heim. 9 Stunden am Hang. Ich war nur noch fertig. Obwohl ich 2,5 Liter Wasser und Kaffee dabei hatte, musste ich mir noch einen Liter schnorren und auf der R\u00fcckfahrt an der Tankstelle einen weiteren Liter besorgen. <br \/>Alles in Allem eine tierisch anstrengende, hei\u00dfe Angelegenheit.<\/p>\n<div class=\"blogger-post-footer\"><script type=\"text\/javascript\"><!--\ngoogle_ad_client = \"pub-4702984279656494\";\ngoogle_ad_width = 468;\ngoogle_ad_height = 60;\ngoogle_ad_format = \"468x60_as_rimg\";\ngoogle_cpa_choice = \"CAAQlNHphwIaCFxy_-mnISvEKNDv6n4\";\ngoogle_ad_channel = \"0174140724\";\n\/\/--><\/script><br \/>\n<script type=\"text\/javascript\" src=\"http:\/\/pagead2.googlesyndication.com\/pagead\/show_ads.js\">\n<\/script><\/div>\n","protected":false},"excerpt":{"rendered":"<p>Nachdem ich die letzten 2 Wochen beruflich ziemlich unterwegs bzw. besch\u00e4ftigt war, musste ich die Zeit am Boden kleben bleiben. Dazu kamen zwar 2 Wochen strahlende Sonne, aber eine ziemlich unangenehme Ostlage und da geht hier in der Gegend eigentlich sowieso nix. Gestern (also Sonntag &#8211; Post am Abend war nicht m\u00f6glich, da Google wohl &hellip; <a href=\"https:\/\/fliegerblog.rjs.de\/?p=105\" class=\"more-link\"><span class=\"screen-reader-text\">\u201eEndlich wieder in der Luft\u201c<\/span> weiterlesen<\/a><\/p>\n","protected":false},"author":1,"featured_media":0,"comment_status":"open","ping_status":"open","sticky":false,"template":"","format":"standard","meta":{"jetpack_post_was_ever_published":false,"footnotes":"","jetpack_publicize_message":"","jetpack_is_tweetstorm":false,"jetpack_publicize_feature_enabled":true,"jetpack_social_options":[]},"categories":[2],"tags":[],"class_list":["post-105","post","type-post","status-publish","format-standard","hentry","category-allgemein"],"jetpack_publicize_connections":[],"jetpack_featured_media_url":"","jetpack_shortlink":"https:\/\/wp.me\/p788kK-1H","jetpack-related-posts":[{"id":495,"url":"https:\/\/fliegerblog.rjs.de\/?p=495","url_meta":{"origin":105,"position":0},"title":"Sportlich, aber gut","date":"Oktober 9, 2011","format":false,"excerpt":"Mitten in der Schlechtwetterphase hat die Prognose kurfristig fliegbare Bedingungen in Reichenbach versprochen. Zumindest so zwischen 12:00 - 15:00 Uhr. Danach sollte es zunehmen und zudem eine Regenfront aufziehen. Eigentlich mag ich das gar nicht, wenn die Bedingungen im Laufe des Tages st\u00e4rker werden, aber da ich die n\u00e4chsten Wochen\u2026","rel":"","context":"In &quot;Allgemein&quot;","img":{"alt_text":"","src":"","width":0,"height":0},"classes":[]},{"id":382,"url":"https:\/\/fliegerblog.rjs.de\/?p=382","url_meta":{"origin":105,"position":1},"title":"Erst Flop und dann Top","date":"Dezember 15, 2010","format":false,"excerpt":"Endlich hat es mal wieder geklappt. Nachdem 6 lange Wochen rein gar nix mit Fliegen ging, sind wir heute zu 2. gegen 12:00 Uhr am MFK gewesen. Die Messwerte zeigten zwar B\u00f6en \u00fcber 40 Km\/h, aber wie immer am Hang schauen. Und was war? Windstille. Ziemlich frustrierend. M\u00fchsam konnte man\u2026","rel":"","context":"In &quot;Allgemein&quot;","img":{"alt_text":"","src":"","width":0,"height":0},"classes":[]},{"id":1300,"url":"https:\/\/fliegerblog.rjs.de\/?p=1300","url_meta":{"origin":105,"position":2},"title":"Endlich mal wieder Hanglage","date":"August 14, 2017","format":false,"excerpt":"Ich fliege definitiv lieber am Hang als an der Winde. Aber die letzte Zeit kam ich kaum dazu. Zwar hatte ich mehrere Windentage und das war auch sch\u00f6n. Aber ..das Soaren am Hang ging mir ein paar Wochen schon ab. Heute war es aber wieder soweit. SO-Wind, Sonne und Zeit.\u2026","rel":"","context":"\u00c4hnlicher Beitrag","img":{"alt_text":"","src":"https:\/\/i0.wp.com\/2.bp.blogspot.com\/-pbs9h4i814Q\/WZKPJnKXC3I\/AAAAAAAADgk\/wAFAe1_5sYwRoyogFqnTm1Gt58nofEcZgCLcBGAs\/s640\/IMG-20170814-WA0000.jpg?resize=350%2C200&ssl=1","width":350,"height":200},"classes":[]},{"id":1997,"url":"https:\/\/fliegerblog.rjs.de\/?p=1997","url_meta":{"origin":105,"position":3},"title":"Eisenhanteln","date":"April 30, 2023","format":false,"excerpt":"Heute war ich das erste Mal am Eisenbaum bei Fl\u00f6rsheim zum Groundhandlen. Ich kenne das Gebiet -\u00a0 aber nur vom gelegentlichen Vorbeifahren mit dem Fahrrad. Die Wiese direkt am Eisenbaum wird h\u00e4ufiger zum Groundhandlen genutzt. Da es von mir aus dahin recht nahe ist, wollte ich sie unbedingt mal ausprobieren.\u2026","rel":"","context":"\u00c4hnlicher Beitrag","img":{"alt_text":"","src":"https:\/\/i0.wp.com\/blogger.googleusercontent.com\/img\/b\/R29vZ2xl\/AVvXsEiVtBGoQNe2wSryPN6kVU6b1rZC-fuKHiOiWOGvcynf2U6us_8Gvdv2fuCuyr1RoeAxUnx302YutW06hAP1G1kgJwx5js56Uwvp4e9JvFzZw2C_R06eNMczCh2CoH8Y4XKP6UK3lvD3JgLvn15rn9eIYuTI3l4Ok3CBCts3bv24xIs8pPUuRYRbVaZ5HQ\/w400-h300\/20230430_110832.jpg?resize=350%2C200&ssl=1","width":350,"height":200},"classes":[]},{"id":1110,"url":"https:\/\/fliegerblog.rjs.de\/?p=1110","url_meta":{"origin":105,"position":4},"title":"Schwach begonnen, aber dann ging es doch gut ab","date":"Februar 12, 2016","format":false,"excerpt":"Als ich kurz vor 12:00 Uhr in Eschbach am Hang ankam, war da nur ein Flieger vor Ort. Der hatte schon eine Weile gewartet und da gerade erst ausgepackt. Ich habe daher sogar den ersten Versuch des Tages gestartet. Der Wind war allerdings ziemlich schwach und ab 13:00 Uhr war\u2026","rel":"","context":"\u00c4hnlicher Beitrag","img":{"alt_text":"","src":"https:\/\/i0.wp.com\/1.bp.blogspot.com\/-9pFG-kaDAQ0\/Vr4bgqCahYI\/AAAAAAAAC2k\/RRVBTot1jrM\/s320\/IMG_20160212_125430.jpg?resize=350%2C200&ssl=1","width":350,"height":200},"classes":[]},{"id":1874,"url":"https:\/\/fliegerblog.rjs.de\/?p=1874","url_meta":{"origin":105,"position":5},"title":"November, S\u00fcdwind, Sonne und ganz viel los am Spielhang","date":"November 6, 2021","format":false,"excerpt":"Heute hat sich der Tag am Hang mal wieder richtig gelohnt. F\u00fcr November relativ warm, Aussichten auf recht guten S\u00fcdwind und vor allen Dingen sehr viel Sonne in den h\u00f6heren Lagen haben \u00fcber den Nachmittag eine ganze Armee an Fliegern an den Hang in Reichenbach gelockt. Sch\u00e4tze, dass wir gut\u2026","rel":"","context":"\u00c4hnlicher Beitrag","img":{"alt_text":"","src":"https:\/\/i0.wp.com\/1.bp.blogspot.com\/-a2xsMY-OEk0\/YYbGKlbpLyI\/AAAAAAAAGas\/pKMiAF9yzyk-APi2yXzNbNFYD_AUEqrtACLcBGAsYHQ\/w400-h300\/20211106_131534.JPG?resize=350%2C200&ssl=1","width":350,"height":200},"classes":[]}],"_links":{"self":[{"href":"https:\/\/fliegerblog.rjs.de\/index.php?rest_route=\/wp\/v2\/posts\/105","targetHints":{"allow":["GET"]}}],"collection":[{"href":"https:\/\/fliegerblog.rjs.de\/index.php?rest_route=\/wp\/v2\/posts"}],"about":[{"href":"https:\/\/fliegerblog.rjs.de\/index.php?rest_route=\/wp\/v2\/types\/post"}],"author":[{"embeddable":true,"href":"https:\/\/fliegerblog.rjs.de\/index.php?rest_route=\/wp\/v2\/users\/1"}],"replies":[{"embeddable":true,"href":"https:\/\/fliegerblog.rjs.de\/index.php?rest_route=%2Fwp%2Fv2%2Fcomments&post=105"}],"version-history":[{"count":0,"href":"https:\/\/fliegerblog.rjs.de\/index.php?rest_route=\/wp\/v2\/posts\/105\/revisions"}],"wp:attachment":[{"href":"https:\/\/fliegerblog.rjs.de\/index.php?rest_route=%2Fwp%2Fv2%2Fmedia&parent=105"}],"wp:term":[{"taxonomy":"category","embeddable":true,"href":"https:\/\/fliegerblog.rjs.de\/index.php?rest_route=%2Fwp%2Fv2%2Fcategories&post=105"},{"taxonomy":"post_tag","embeddable":true,"href":"https:\/\/fliegerblog.rjs.de\/index.php?rest_route=%2Fwp%2Fv2%2Ftags&post=105"}],"curies":[{"name":"wp","href":"https:\/\/api.w.org\/{rel}","templated":true}]}}