{"id":104,"date":"2007-05-12T21:26:00","date_gmt":"2007-05-12T21:26:00","guid":{"rendered":"http:\/\/www.rjs.de\/fliegerblog\/?p=104"},"modified":"2007-05-12T21:26:00","modified_gmt":"2007-05-12T21:26:00","slug":"frust-statt-lust","status":"publish","type":"post","link":"https:\/\/fliegerblog.rjs.de\/?p=104","title":{"rendered":"Frust statt Lust"},"content":{"rendered":"<p>Den Tag \u00fcber war es ziemlich st\u00fcrmig mit heftigen Spitzen. Aber ab 17:00 Uhr sollte es signifikant nachlassen. Waren am Hang, aber es war immer noch so bockig, dass ich bereits beim Groundhandlen auf der Landewiese ausgehoben und fast 50 Meter durch die Luft versetzt wurde. Haben dann abgebrochen :-(. <br \/>Dann halt auf ein Neues.<\/p>\n<div class=\"blogger-post-footer\"><script type=\"text\/javascript\"><!--\ngoogle_ad_client = \"pub-4702984279656494\";\ngoogle_ad_width = 468;\ngoogle_ad_height = 60;\ngoogle_ad_format = \"468x60_as_rimg\";\ngoogle_cpa_choice = \"CAAQlNHphwIaCFxy_-mnISvEKNDv6n4\";\ngoogle_ad_channel = \"0174140724\";\n\/\/--><\/script><br \/>\n<script type=\"text\/javascript\" src=\"http:\/\/pagead2.googlesyndication.com\/pagead\/show_ads.js\">\n<\/script><\/div>\n","protected":false},"excerpt":{"rendered":"<p>Den Tag \u00fcber war es ziemlich st\u00fcrmig mit heftigen Spitzen. Aber ab 17:00 Uhr sollte es signifikant nachlassen. Waren am Hang, aber es war immer noch so bockig, dass ich bereits beim Groundhandlen auf der Landewiese ausgehoben und fast 50 Meter durch die Luft versetzt wurde. Haben dann abgebrochen :-(. Dann halt auf ein Neues.<\/p>\n","protected":false},"author":1,"featured_media":0,"comment_status":"open","ping_status":"open","sticky":false,"template":"","format":"standard","meta":{"jetpack_post_was_ever_published":false,"footnotes":"","jetpack_publicize_message":"","jetpack_is_tweetstorm":false,"jetpack_publicize_feature_enabled":true,"jetpack_social_options":[]},"categories":[2],"tags":[],"class_list":["post-104","post","type-post","status-publish","format-standard","hentry","category-allgemein"],"jetpack_publicize_connections":[],"jetpack_featured_media_url":"","jetpack_shortlink":"https:\/\/wp.me\/p788kK-1G","jetpack-related-posts":[{"id":90,"url":"https:\/\/fliegerblog.rjs.de\/?p=90","url_meta":{"origin":104,"position":0},"title":"Ja, Ja, Jaaaa","date":"Juli 11, 2007","format":false,"excerpt":"Deshalb bin ich hier :-). Man war das heute geil. Das hat die letzten 3 Tage entschaedigt. 10,5 Stunden am Strand und auf der Duene. Sonne, halbwegs guter Wind. Erst Groundhandlen am Strand, dann mehrfach auf die Duene hochziehen lassen und abgleiten. Dann sogar richtig gesoart. Gegen Abend dann am\u2026","rel":"","context":"In &quot;Allgemein&quot;","img":{"alt_text":"","src":"","width":0,"height":0},"classes":[]},{"id":1562,"url":"https:\/\/fliegerblog.rjs.de\/?p=1562","url_meta":{"origin":104,"position":1},"title":"Touristischer Moseltripp","date":"Februar 27, 2019","format":false,"excerpt":"Ich hatte mich f\u00fcr die Woche auf Freitag bis Sonntag als gute Flugtage eingestellt. Freitag Nordwind und am Wochenende Schleppen mit dem GFT in Singhofen. Aber die Prognosen sagen ab morgen schon einen Wetterumschwung vorher. Mit starkem Wind und Regen. Wobei das heute auch extrem warm war - ein Local\u2026","rel":"","context":"\u00c4hnlicher Beitrag","img":{"alt_text":"","src":"https:\/\/i0.wp.com\/3.bp.blogspot.com\/-bil6H12YD8c\/XHbqsY_BCiI\/AAAAAAAAEgU\/Vm9ciwehbJwuAqOzx64W9rN23-hXCWWLACLcBGAs\/s320\/GOPR6417.JPG?resize=350%2C200&ssl=1","width":350,"height":200},"classes":[]},{"id":1853,"url":"https:\/\/fliegerblog.rjs.de\/?p=1853","url_meta":{"origin":104,"position":2},"title":"Seit langer Zeit mal wieder ein Vierer","date":"September 18, 2021","format":false,"excerpt":"Das war heute ein wirklich feiner Flugtag an der Winde in Singhofen. Super Sp\u00e4tsommerwetter, aber seltsamer Weise nur ziemlich wenige Flieger. Wir waren gerade mal zu 6. Um 11 Uhr haben wir uns getroffen und ich hab gleich den Er\u00f6ffungsflug gemacht - wie so oft. Zu der Zeit waren die\u2026","rel":"","context":"\u00c4hnlicher Beitrag","img":{"alt_text":"","src":"https:\/\/i0.wp.com\/1.bp.blogspot.com\/-RJY-PjV7xkg\/YUYaEE6bxgI\/AAAAAAAAGUY\/HwqXQhBLhp83QvWgwjdhPXkDQt0lZNl1gCLcBGAsYHQ\/s320\/GOPR9906.JPG?resize=350%2C200&ssl=1","width":350,"height":200},"classes":[]},{"id":1155,"url":"https:\/\/fliegerblog.rjs.de\/?p=1155","url_meta":{"origin":104,"position":3},"title":"Erstes 2016er-Schleppen in Laufenselden","date":"Juni 10, 2016","format":false,"excerpt":"Heute war ich seit mehreren Monaten mal wieder in Laufenselden. So richtig gut sahen die Bedingungen nicht aus, aber wenn schon mal ein Schlepptermin bei meinem Taunussteiner Gleitschirmverein angesetzt war, wollte ich nicht fehlen. Der Wind sollte quer zur Bahn kommen, aber schwach. Von daher habe ich die Chance gesehen,\u2026","rel":"","context":"\u00c4hnlicher Beitrag","img":{"alt_text":"","src":"","width":0,"height":0},"classes":[]},{"id":1271,"url":"https:\/\/fliegerblog.rjs.de\/?p=1271","url_meta":{"origin":104,"position":4},"title":"Ereignisreicher Flugtag","date":"Juni 11, 2017","format":false,"excerpt":"Mit \u00fcber 30 Grad und schwachem S\u00fcdost, der \u00fcber den Mittag auf S\u00fcd drehen sollte, waren die Prognosen f\u00fcr Eschbach heute eigentlich nicht so gut. Au\u00dferdem meide ich den Hang an Wochenenden meist, weil sehr oft zu voll. Ich hatte mich deshalb zum Schleppen in Wallertheim angemeldet, aber das ist\u2026","rel":"","context":"\u00c4hnlicher Beitrag","img":{"alt_text":"","src":"https:\/\/i0.wp.com\/4.bp.blogspot.com\/-air7_j1VKjk\/WT194lP_jrI\/AAAAAAAADcc\/6LvySIgsTrw-WDnh2NN6kd0zblZKI0a-QCLcB\/s400\/GOPR3642.JPG?resize=350%2C200&ssl=1","width":350,"height":200},"classes":[]},{"id":453,"url":"https:\/\/fliegerblog.rjs.de\/?p=453","url_meta":{"origin":104,"position":5},"title":"Endlich einmal wieder &#8211; Schleppen in Neu Anspach","date":"August 4, 2011","format":false,"excerpt":"Die letzten Jahre war ich ziemlich oft zum Schleppen in Neu Anspach auf dem Flugplatz. Aber dieses Jahr war bisher der Wurm drin. Erst 1x ging es \u00fcberhaupt da mit Schleppen (erst Winde kaputt und dann Mistwetter an den geplanten Schleptagen) und da konnte ich nicht :-(. Aber heute sah\u2026","rel":"","context":"In &quot;Allgemein&quot;","img":{"alt_text":"","src":"","width":0,"height":0},"classes":[]}],"_links":{"self":[{"href":"https:\/\/fliegerblog.rjs.de\/index.php?rest_route=\/wp\/v2\/posts\/104","targetHints":{"allow":["GET"]}}],"collection":[{"href":"https:\/\/fliegerblog.rjs.de\/index.php?rest_route=\/wp\/v2\/posts"}],"about":[{"href":"https:\/\/fliegerblog.rjs.de\/index.php?rest_route=\/wp\/v2\/types\/post"}],"author":[{"embeddable":true,"href":"https:\/\/fliegerblog.rjs.de\/index.php?rest_route=\/wp\/v2\/users\/1"}],"replies":[{"embeddable":true,"href":"https:\/\/fliegerblog.rjs.de\/index.php?rest_route=%2Fwp%2Fv2%2Fcomments&post=104"}],"version-history":[{"count":0,"href":"https:\/\/fliegerblog.rjs.de\/index.php?rest_route=\/wp\/v2\/posts\/104\/revisions"}],"wp:attachment":[{"href":"https:\/\/fliegerblog.rjs.de\/index.php?rest_route=%2Fwp%2Fv2%2Fmedia&parent=104"}],"wp:term":[{"taxonomy":"category","embeddable":true,"href":"https:\/\/fliegerblog.rjs.de\/index.php?rest_route=%2Fwp%2Fv2%2Fcategories&post=104"},{"taxonomy":"post_tag","embeddable":true,"href":"https:\/\/fliegerblog.rjs.de\/index.php?rest_route=%2Fwp%2Fv2%2Ftags&post=104"}],"curies":[{"name":"wp","href":"https:\/\/api.w.org\/{rel}","templated":true}]}}