{"id":1022,"date":"2015-12-27T13:15:06","date_gmt":"2015-12-27T13:15:06","guid":{"rendered":"http:\/\/fliegerblog.rjs.de\/?p=1022"},"modified":"2016-01-15T13:15:49","modified_gmt":"2016-01-15T13:15:49","slug":"haeuptling-naz-arflu-egel","status":"publish","type":"post","link":"https:\/\/fliegerblog.rjs.de\/?p=1022","title":{"rendered":"H\u00e4uptling Naz Arflu Egel"},"content":{"rendered":"<div class=\"separator\" style=\"clear: both; text-align: center;\">\n<a href=\"https:\/\/i0.wp.com\/3.bp.blogspot.com\/-mKd66gw3BD8\/VoAODTnqbCI\/AAAAAAAACyo\/KZH5n3itKrw\/s1600\/IMG_20151227_132656.jpg\" imageanchor=\"1\" style=\"clear: left; float: left; margin-bottom: 1em; margin-right: 1em;\"><img loading=\"lazy\" decoding=\"async\" border=\"0\" height=\"300\" src=\"https:\/\/i0.wp.com\/3.bp.blogspot.com\/-mKd66gw3BD8\/VoAODTnqbCI\/AAAAAAAACyo\/KZH5n3itKrw\/s400\/IMG_20151227_132656.jpg?resize=400%2C300\" width=\"400\" data-recalc-dims=\"1\" \/><\/a><\/div>\n<p>In diesen Tagen wird der Schirm jedes Mal total nass, wenn man an den Hang geht. Auch wenn die Sonne durchkommt und der Hang eigentlich abgetrocknet sein m\u00fcsste.<br \/>\nIch war heute gegen 11:30 Uhr als Erster am Hang in Reichenbach und nach kurzer Zeit ist beim Fliegen bereits das Wasser aus den Seiten des Schirms getropft. Au\u00dferdem wurde der Schirm total schwer und meine Peilung kurz vor der Landung hat mehrfach nicht gestimmt, weil ich viel schneller durchgesackt bin als normal.<\/p>\n<div class=\"separator\" style=\"clear: both; text-align: center;\">\n<a href=\"https:\/\/i0.wp.com\/1.bp.blogspot.com\/-XDRoM-etCQ8\/VoAOBNaZulI\/AAAAAAAACyg\/mvcyLvBOXQQ\/s1600\/IMG_20151227_143619.jpg\" imageanchor=\"1\" style=\"clear: right; float: right; margin-bottom: 1em; margin-left: 1em;\"><img loading=\"lazy\" decoding=\"async\" border=\"0\" height=\"300\" src=\"https:\/\/i0.wp.com\/1.bp.blogspot.com\/-XDRoM-etCQ8\/VoAOBNaZulI\/AAAAAAAACyg\/mvcyLvBOXQQ\/s400\/IMG_20151227_143619.jpg?resize=400%2C300\" width=\"400\" data-recalc-dims=\"1\" \/><\/a><\/div>\n<p>Aber je mehr Flieger an den Hang kamen, desto mehr habe ich meinen Schirm dann halbwegs wieder trocken geflogen. Ich hatte f\u00fcr heute kr\u00e4ftigen, b\u00f6igen Wind und Sonne erwartet und die H\u00e4lfte ist auch eingetreten. Sch\u00f6ne Sonne. Aber nichts war es mit dem kr\u00e4ftigem Wind. Ganz im Gegenteil. Sehr sanft und laminar. Zwar von der Richtung gut, aber etwas zu schwach, um wirklich zu fliegen. Das waren heute nur etwas h\u00f6here H\u00fcpfer. <\/p>\n<div class=\"separator\" style=\"clear: both; text-align: center;\">\n<a href=\"https:\/\/i0.wp.com\/1.bp.blogspot.com\/-zFk1ee7UOa8\/VoAOMbMHJ5I\/AAAAAAAACyw\/MWSdRcXye9c\/s1600\/t1451219281.jpg\" imageanchor=\"1\" style=\"clear: left; float: left; margin-bottom: 1em; margin-right: 1em;\"><img decoding=\"async\" border=\"0\" src=\"https:\/\/i0.wp.com\/1.bp.blogspot.com\/-zFk1ee7UOa8\/VoAOMbMHJ5I\/AAAAAAAACyw\/MWSdRcXye9c\/s200\/t1451219281.jpg?w=840\" data-recalc-dims=\"1\" \/><\/a><\/div>\n<p>Gestern muss es ziemlich gut gegangen sein, aber die Weihnachtstage waren bei mir aus wohl nachvollziehbaren Gr\u00fcnden geblockt.<br \/>\nVon daher musste ich mit dem Nachschlag heute vorlieb nehmen. <\/p>\n<div class=\"separator\" style=\"clear: both; text-align: center;\">\n<a href=\"https:\/\/i0.wp.com\/2.bp.blogspot.com\/-C01Hc-_tEOc\/VoAOMebxYwI\/AAAAAAAACy0\/Iq5tjKRwQis\/s1600\/t1451220361.jpg\" imageanchor=\"1\" style=\"clear: left; float: left; margin-bottom: 1em; margin-right: 1em;\"><img decoding=\"async\" border=\"0\" src=\"https:\/\/i0.wp.com\/2.bp.blogspot.com\/-C01Hc-_tEOc\/VoAOMebxYwI\/AAAAAAAACy0\/Iq5tjKRwQis\/s200\/t1451220361.jpg?w=840\" data-recalc-dims=\"1\" \/><\/a><\/div>\n<p>Gegen 14:30 Uhr habe ich als ersten &#8211; im wirklichen Sinn &#8211; den Abflug (der war sogar ziemlich hoch) von den gut ein Duzend Fliegern gemacht, denn der Wind hatte da eher wieder auf SO gedreht und ist tendenziell sogar noch schw\u00e4cher geworden. Aber da ich als Erster da gewesen bin, habe ich dennoch 3 Stunden Spielerei in der Wintersonne mit unglaubhlich warmen Temperaturen mitgenommen.<\/p>\n","protected":false},"excerpt":{"rendered":"<p>In diesen Tagen wird der Schirm jedes Mal total nass, wenn man an den Hang geht. Auch wenn die Sonne durchkommt und der Hang eigentlich abgetrocknet sein m\u00fcsste. Ich war heute gegen 11:30 Uhr als Erster am Hang in Reichenbach und nach kurzer Zeit ist beim Fliegen bereits das Wasser aus den Seiten des Schirms &hellip; <a href=\"https:\/\/fliegerblog.rjs.de\/?p=1022\" class=\"more-link\"><span class=\"screen-reader-text\">\u201eH\u00e4uptling Naz Arflu Egel\u201c<\/span> weiterlesen<\/a><\/p>\n","protected":false},"author":1,"featured_media":0,"comment_status":"open","ping_status":"open","sticky":false,"template":"","format":"standard","meta":{"jetpack_post_was_ever_published":false,"footnotes":"","jetpack_publicize_message":"","jetpack_is_tweetstorm":false,"jetpack_publicize_feature_enabled":true,"jetpack_social_options":[]},"categories":[1],"tags":[],"class_list":["post-1022","post","type-post","status-publish","format-standard","hentry","category-uncategorized"],"jetpack_publicize_connections":[],"jetpack_featured_media_url":"","jetpack_shortlink":"https:\/\/wp.me\/p788kK-gu","jetpack-related-posts":[{"id":1405,"url":"https:\/\/fliegerblog.rjs.de\/?p=1405","url_meta":{"origin":1022,"position":0},"title":"Ich bin der Neue","date":"M\u00e4rz 30, 2018","format":false,"excerpt":"Meine Wildcat hat es leider nicht \u00fcber den Check geschafft. Die Luftdurchl\u00e4ssigkeit vom Untersegel (!) war zu schlecht, wobei zum Groundhandlen und f\u00fcr das Fliegen am Strand\/der D\u00fcne (falls es endlich mal wieder klappen sollte) sollte die Wildkatze sich noch eignen. Aber das Aus kommt nicht wirklich \u00fcberraschend und ich\u2026","rel":"","context":"\u00c4hnlicher Beitrag","img":{"alt_text":"","src":"https:\/\/i0.wp.com\/3.bp.blogspot.com\/-Lm-jatyAp-Q\/Wr4mvc_tWDI\/AAAAAAAADyY\/Jaa4Nfny5MITlf6-ZDzIKW9taCZWr5t6QCLcBGAs\/s640\/GOPR9052.JPG?resize=350%2C200&ssl=1","width":350,"height":200},"classes":[]},{"id":907,"url":"https:\/\/fliegerblog.rjs.de\/?p=907","url_meta":{"origin":1022,"position":1},"title":"Gegrounded und cheated","date":"April 5, 2015","format":false,"excerpt":"Letzte Woche war ich mit der Familie in Norderney zum Urlaub. Das habe ich zum Anlass genommen, um den dringend notwendigen Check meiner Wildcat machen zu lassen. Die vergangene Woche h\u00e4tte ich den Schirm sowieso nicht nutzen k\u00f6nnen. Der Nachteil ist aber, dass ich das gesamte Osterwochenende ohne Schirm bin,\u2026","rel":"","context":"In &quot;Allgemein&quot;","img":{"alt_text":"","src":"","width":0,"height":0},"classes":[]},{"id":631,"url":"https:\/\/fliegerblog.rjs.de\/?p=631","url_meta":{"origin":1022,"position":2},"title":"Weitere Erfahrungen mit der Wildkatze","date":"M\u00e4rz 30, 2013","format":false,"excerpt":"Heute gab es seit langem wieder Nordwind. Um 12:00 Uhr waren wir am MFK. Nach Monaten endlich mal wieder. Allerdings kam der Wind mehr aus Nordost als es f\u00fcr den Hang taugt. Wir sind deshalb an den 50 Meter weiter gelegenen Hang gegangen, den wir im Winter - wenn keine\u2026","rel":"","context":"In &quot;Allgemein&quot;","img":{"alt_text":"","src":"https:\/\/i0.wp.com\/3.bp.blogspot.com\/-SqR7npnah38\/UVdDkFsMFYI\/AAAAAAAABTQ\/jAqn3EumFs0\/s320\/GOPR2426.JPG?resize=350%2C200","width":350,"height":200},"classes":[]},{"id":404,"url":"https:\/\/fliegerblog.rjs.de\/?p=404","url_meta":{"origin":1022,"position":3},"title":"Und ein drittes Mal Reichenbach","date":"Februar 10, 2011","format":false,"excerpt":"Hier hing heute die Nebelsuppe fest, aber die Webcam auf dem Feldberg sah gut aus. Und da heute der letzte Tag mit gutem Wetter sein sollte, sind wir wieder nach Reichenbach an den Hang. \u00dcber den Nachmittag waren etwa 8 Flieger da. Als ich gegen 12:15 Uhr da war, ragte\u2026","rel":"","context":"In &quot;Allgemein&quot;","img":{"alt_text":"","src":"","width":0,"height":0},"classes":[]},{"id":10,"url":"https:\/\/fliegerblog.rjs.de\/?p=10","url_meta":{"origin":1022,"position":4},"title":"Mein neuer Schirm ist da","date":"Januar 10, 2009","format":false,"excerpt":"Ich habe gestern abend meinen neuen Schirm abgeholt. Ging jetzt doch alles ganz schnell, aber ohne Check will ich mit meinem alten Schirm (der mittlerweile auch wieder da ist) nat\u00fcrlich nichts mehr machen. Und eine \u00dcberarbeitung lohnt sich f\u00fcr mich nicht, da ich dieses Jahr sowieso auf einen dynamischeren Schirm\u2026","rel":"","context":"In &quot;Allgemein&quot;","img":{"alt_text":"","src":"","width":0,"height":0},"classes":[]},{"id":1840,"url":"https:\/\/fliegerblog.rjs.de\/?p=1840","url_meta":{"origin":1022,"position":5},"title":"Neuer (?!?) Hang","date":"August 5, 2021","format":false,"excerpt":"Heute habe ich etwas auf meiner To-Do-Liste, was ich unbedingt mal im Leben machen muss, abgearbeitet und was schon viele Jahre da drauf stand. Vermutlich schon seit meiner Kindheit. Die ganze Woche sieht nicht wirklich gut zum Fliegen aus und obwohl am Wochenende theoretisch sowohl in Singhofen als auch Wallertheim\u2026","rel":"","context":"\u00c4hnlicher Beitrag","img":{"alt_text":"","src":"","width":0,"height":0},"classes":[]}],"_links":{"self":[{"href":"https:\/\/fliegerblog.rjs.de\/index.php?rest_route=\/wp\/v2\/posts\/1022","targetHints":{"allow":["GET"]}}],"collection":[{"href":"https:\/\/fliegerblog.rjs.de\/index.php?rest_route=\/wp\/v2\/posts"}],"about":[{"href":"https:\/\/fliegerblog.rjs.de\/index.php?rest_route=\/wp\/v2\/types\/post"}],"author":[{"embeddable":true,"href":"https:\/\/fliegerblog.rjs.de\/index.php?rest_route=\/wp\/v2\/users\/1"}],"replies":[{"embeddable":true,"href":"https:\/\/fliegerblog.rjs.de\/index.php?rest_route=%2Fwp%2Fv2%2Fcomments&post=1022"}],"version-history":[{"count":1,"href":"https:\/\/fliegerblog.rjs.de\/index.php?rest_route=\/wp\/v2\/posts\/1022\/revisions"}],"predecessor-version":[{"id":1023,"href":"https:\/\/fliegerblog.rjs.de\/index.php?rest_route=\/wp\/v2\/posts\/1022\/revisions\/1023"}],"wp:attachment":[{"href":"https:\/\/fliegerblog.rjs.de\/index.php?rest_route=%2Fwp%2Fv2%2Fmedia&parent=1022"}],"wp:term":[{"taxonomy":"category","embeddable":true,"href":"https:\/\/fliegerblog.rjs.de\/index.php?rest_route=%2Fwp%2Fv2%2Fcategories&post=1022"},{"taxonomy":"post_tag","embeddable":true,"href":"https:\/\/fliegerblog.rjs.de\/index.php?rest_route=%2Fwp%2Fv2%2Ftags&post=1022"}],"curies":[{"name":"wp","href":"https:\/\/api.w.org\/{rel}","templated":true}]}}