{"id":1003,"date":"2015-10-24T15:13:20","date_gmt":"2015-10-24T14:13:20","guid":{"rendered":"http:\/\/www.rjs.de\/fliegerblog\/?p=1003"},"modified":"2015-10-24T15:13:20","modified_gmt":"2015-10-24T14:13:20","slug":"von-wegen-goldener-oktober","status":"publish","type":"post","link":"https:\/\/fliegerblog.rjs.de\/?p=1003","title":{"rendered":"Von wegen goldener Oktober :-("},"content":{"rendered":"<div class=\"separator\" style=\"clear: both; text-align: center;\">\n<a href=\"https:\/\/i0.wp.com\/1.bp.blogspot.com\/-iuGsjYten9k\/ViuP1n5aX5I\/AAAAAAAACtc\/dnBlSsJ2ZEo\/s1600\/t1445683802.jpg\" imageanchor=\"1\" style=\"clear: left; float: left; margin-bottom: 1em; margin-right: 1em;\"><img decoding=\"async\" border=\"0\" src=\"https:\/\/i0.wp.com\/1.bp.blogspot.com\/-iuGsjYten9k\/ViuP1n5aX5I\/AAAAAAAACtc\/dnBlSsJ2ZEo\/s320\/t1445683802.jpg?w=840\" data-recalc-dims=\"1\" \/><\/a><\/div>\n<p>Dieses Jahr meint es nicht gut mit dem sogenannten Altweibersommer bzw. goldenen Oktober. Viel Nebel, wenig Wind, bereits erste Schneef\u00e4lle bis in die Niederungen. Mehr November als Oktober.<br \/>\n<\/p>\n<div class=\"separator\" style=\"clear: both; text-align: center;\">\n<a href=\"https:\/\/i0.wp.com\/4.bp.blogspot.com\/-oOoUZZW2obU\/ViuP1ZK0IEI\/AAAAAAAACtU\/cZf-NV5nFXA\/s1600\/t1445684762.jpg\" imageanchor=\"1\" style=\"clear: left; float: left; margin-bottom: 1em; margin-right: 1em;\"><img decoding=\"async\" border=\"0\" src=\"https:\/\/i0.wp.com\/4.bp.blogspot.com\/-oOoUZZW2obU\/ViuP1ZK0IEI\/AAAAAAAACtU\/cZf-NV5nFXA\/s320\/t1445684762.jpg?w=840\" data-recalc-dims=\"1\" \/><\/a><\/div>\n<p>Dementsprechend ging in dem Monat auch nur wenig mit dem Gleitschirm. Aber heute gab es mal wieder eine kleine Chance. Es war S\u00fcdwind angek\u00fcndigt und an einigen Stellen sollte auch die Sonne durchkommen. Da zwar zuerst SO angesagt war, aber bereits gegen die Mittagsstunde der Wind auf SW drehen sollte, bin ich nach Reichenbach. Gegen 11:45 Uhr war ich am Hang. <\/p>\n<p><\/p>\n<div class=\"separator\" style=\"clear: both; text-align: center;\">\n<a href=\"https:\/\/i0.wp.com\/4.bp.blogspot.com\/-BTnez8Ev0GY\/ViuP1nn94OI\/AAAAAAAACtY\/g_vOhbfE0P8\/s1600\/t1445684881.jpg\" imageanchor=\"1\" style=\"clear: left; float: left; margin-bottom: 1em; margin-right: 1em;\"><img decoding=\"async\" border=\"0\" src=\"https:\/\/i0.wp.com\/4.bp.blogspot.com\/-BTnez8Ev0GY\/ViuP1nn94OI\/AAAAAAAACtY\/g_vOhbfE0P8\/s320\/t1445684881.jpg?w=840\" data-recalc-dims=\"1\" \/><\/a><\/div>\n<p>Allerdings war es ziemlich tr\u00fcbe vor Ort. Der Hochnebel ging einfach nicht weg. Aber der Wind stand halbwegs an. So gegen 12:45 Uhr sogar f\u00fcr eine gute Stunde richtig gut und an der Waldkante konnte ich halbwegs H\u00f6he machen und mich etwas halten.<br \/>\n<\/p>\n<div class=\"separator\" style=\"clear: both; text-align: center;\">\n<a href=\"https:\/\/i0.wp.com\/4.bp.blogspot.com\/-jQU8WOVwXH0\/ViuP13soMOI\/AAAAAAAACtg\/OoZO9AnKxjg\/s1600\/t1445685001.jpg\" imageanchor=\"1\" style=\"clear: left; float: left; margin-bottom: 1em; margin-right: 1em;\"><img decoding=\"async\" border=\"0\" src=\"https:\/\/i0.wp.com\/4.bp.blogspot.com\/-jQU8WOVwXH0\/ViuP13soMOI\/AAAAAAAACtg\/OoZO9AnKxjg\/s320\/t1445685001.jpg?w=840\" data-recalc-dims=\"1\" \/><\/a><\/div>\n<p>Gegen 14:00 Uhr war es dann aber wie abgeschnitten. Wind weg. Ich habe deshalb zuammengepackt. Auf der Webcam habe ich dann sp\u00e4ter gesehen, dass die anderen es teils weiter versucht haben. Aber so richtig gut sah das aus der Ferne nicht mehr aus. Das war heute wirklich kein Highlight, aber auch nicht schlecht. Es gab schon deutlich schlechtere Tage. Nur ist mein Schirm nass und h\u00e4ngt gerade zum Trocknen auf der W\u00e4scheleine.<br \/>\n<\/p>\n<hr \/>\n<p><iframe loading=\"lazy\" allowfullscreen=\"\" frameborder=\"0\" height=\"315\" src=\"https:\/\/www.youtube.com\/embed\/nCHsRp5Lkhs\" width=\"560\"><\/iframe><\/p>\n","protected":false},"excerpt":{"rendered":"<p>Dieses Jahr meint es nicht gut mit dem sogenannten Altweibersommer bzw. goldenen Oktober. Viel Nebel, wenig Wind, bereits erste Schneef\u00e4lle bis in die Niederungen. Mehr November als Oktober. Dementsprechend ging in dem Monat auch nur wenig mit dem Gleitschirm. Aber heute gab es mal wieder eine kleine Chance. Es war S\u00fcdwind angek\u00fcndigt und an einigen &hellip; <a href=\"https:\/\/fliegerblog.rjs.de\/?p=1003\" class=\"more-link\"><span class=\"screen-reader-text\">\u201eVon wegen goldener Oktober :-(\u201c<\/span> weiterlesen<\/a><\/p>\n","protected":false},"author":1,"featured_media":0,"comment_status":"open","ping_status":"open","sticky":false,"template":"","format":"standard","meta":{"jetpack_post_was_ever_published":false,"footnotes":"","jetpack_publicize_message":"","jetpack_is_tweetstorm":false,"jetpack_publicize_feature_enabled":true,"jetpack_social_options":[]},"categories":[2],"tags":[],"class_list":["post-1003","post","type-post","status-publish","format-standard","hentry","category-allgemein"],"jetpack_publicize_connections":[],"jetpack_featured_media_url":"","jetpack_shortlink":"https:\/\/wp.me\/p788kK-gb","jetpack-related-posts":[{"id":834,"url":"https:\/\/fliegerblog.rjs.de\/?p=834","url_meta":{"origin":1003,"position":0},"title":"Sch\u00f6ne Flugbedingungen und recht viel Airtime","date":"Oktober 2, 2014","format":false,"excerpt":"Das hat heute nach meiner Meinung perfekt f\u00fcr das Schleppen in Obernhain gepasst. Sonne und warme Temperaturen sowie wenig Wind. Ein richtiger Altweibersommertag, bei dem sich auch Thermik immer mal wieder durchsetzen konnte. Gegen 14:00 Uhr war ich auf dem Flugplatz. Bis dahin waren nur zwei Flieger auf dem Platz\u2026","rel":"","context":"In &quot;Allgemein&quot;","img":{"alt_text":"","src":"","width":0,"height":0},"classes":[]},{"id":609,"url":"https:\/\/fliegerblog.rjs.de\/?p=609","url_meta":{"origin":1003,"position":1},"title":"Das m\u00fcsste der Jahresabschluss gewesen sein &#8211; und der war gar nicht so schlecht","date":"Dezember 29, 2012","format":false,"excerpt":"Oh man, ich war ja ewig nicht mehr richtig mit dem Schirm in der Luft. Am 1. Dezember habe ich kurz am Hang gespielt und Mitte Oktober gab es einen mittelschwachen Flugtag in Reichenbach. Anfang Oktober war somit der letzte richtige Flugtag f\u00fcr mich gewesen. Klar - die Sp\u00e4therbst- und\u2026","rel":"","context":"In &quot;Allgemein&quot;","img":{"alt_text":"","src":"https:\/\/i0.wp.com\/3.bp.blogspot.com\/-S4EYK47t1Ak\/UN8gmXksVCI\/AAAAAAAABPY\/WTG5msR9GaY\/s320\/20121229_121349.jpg?resize=350%2C200","width":350,"height":200},"classes":[]},{"id":563,"url":"https:\/\/fliegerblog.rjs.de\/?p=563","url_meta":{"origin":1003,"position":2},"title":"Verdammt lang her, verdammt lang &#8230;","date":"August 16, 2012","format":false,"excerpt":"Seit ich das letzte Mal an der Winde geflogen bin. Man glaubt es kaum - Oktober letzten Jahres! Aber heute hat es endlich mal wieder geklappt und ich konnte das erste Mal dieses Jahr richtig hoch fliegen (von meinen paar Tripps mit dem Flugzeug, wenn ich beruflich nach Graz bin\u2026","rel":"","context":"In &quot;Allgemein&quot;","img":{"alt_text":"","src":"https:\/\/i0.wp.com\/3.bp.blogspot.com\/-0GH4sPm_Ph4\/UC1Om0WJX8I\/AAAAAAAABIY\/02SCLzNzCoo\/s320\/20120816_172150.jpg?resize=350%2C200","width":350,"height":200},"classes":[]},{"id":1993,"url":"https:\/\/fliegerblog.rjs.de\/?p=1993","url_meta":{"origin":1003,"position":3},"title":"Endlich mal wieder","date":"M\u00e4rz 18, 2023","format":false,"excerpt":"Ich kann mich eigentlich bald nicht mehr als Gleitschirmflieger bezeichnen. So wenig habe ich die letzten Monate mit dem Schirm gemacht. :-( Von schlechtem Wetter \u00fcber gesperrte H\u00e4nge hin zu - f\u00fcr mich - ungew\u00f6hnlich vielen gesundheitlichen Problemen hat eigentlich immer irgendwas im Weg gestanden. Seit Ende Oktober genau 2x\u2026","rel":"","context":"\u00c4hnlicher Beitrag","img":{"alt_text":"","src":"https:\/\/i0.wp.com\/blogger.googleusercontent.com\/img\/b\/R29vZ2xl\/AVvXsEj5DmpLeJxIkY5iXK1a6NEF26fqYg13FxKRs4yLW9XeNjVpD9ubdusW_YGZpGM7AylUF5LjkB8iHeiaTIWVSC4zcw9i7nWT_GHmM1jGBlLZg_ofq6HxWro-vTu64wBFxCrmDuHPs4XmdUlgHgMS6dHHu5ykQtlRLMdPQiLdvBA4BRacFfB-MV1VoU3sDg\/w400-h300\/IMG_20230317_151655.jpg?resize=350%2C200&ssl=1","width":350,"height":200},"classes":[]},{"id":73,"url":"https:\/\/fliegerblog.rjs.de\/?p=73","url_meta":{"origin":1003,"position":4},"title":"Goldener Oktober mit unerwarteten H\u00f6hen","date":"Oktober 16, 2007","format":false,"excerpt":"Ab morgen soll das Wetter kippen, aber heute war noch mal so ein richtig goldener Oktober-Tag mit Sonne satt. Da ich die Woche wieder etwas mehr Zeit habe, bin ich mit Rudi gegen 11:00 Uhr f\u00fcr 2 Stunden an den Hang in Reichenbach (l\u00e4nger ging nicht wegen Kino - \"gekochte\u2026","rel":"","context":"In &quot;Allgemein&quot;","img":{"alt_text":"","src":"https:\/\/i0.wp.com\/img.youtube.com\/vi\/DuF5ixL77l8\/0.jpg?resize=350%2C200","width":350,"height":200},"classes":[]},{"id":2046,"url":"https:\/\/fliegerblog.rjs.de\/?p=2046","url_meta":{"origin":1003,"position":5},"title":"Moppedtour zu Kurzschlepps","date":"Oktober 8, 2023","format":false,"excerpt":"Ich werde mein Gurtzeug wohl doch zur Reperatur einschicken. Meine Ideen funktionieren bisher nicht wirklich. Von daher hatte ich das Wochenende nicht mit Schleppen auf dem Schirm (Wortspiel). Stattdessen war eine kleine Tour mit dem Mopped geplant. Aber die Windenschleppgemeinschaft Rhein-Hessen hatte f\u00fcr heute in Wallertheim Ausbildlungsfl\u00fcge f\u00fcr den neuen\u2026","rel":"","context":"\u00c4hnlicher Beitrag","img":{"alt_text":"","src":"","width":0,"height":0},"classes":[]}],"_links":{"self":[{"href":"https:\/\/fliegerblog.rjs.de\/index.php?rest_route=\/wp\/v2\/posts\/1003","targetHints":{"allow":["GET"]}}],"collection":[{"href":"https:\/\/fliegerblog.rjs.de\/index.php?rest_route=\/wp\/v2\/posts"}],"about":[{"href":"https:\/\/fliegerblog.rjs.de\/index.php?rest_route=\/wp\/v2\/types\/post"}],"author":[{"embeddable":true,"href":"https:\/\/fliegerblog.rjs.de\/index.php?rest_route=\/wp\/v2\/users\/1"}],"replies":[{"embeddable":true,"href":"https:\/\/fliegerblog.rjs.de\/index.php?rest_route=%2Fwp%2Fv2%2Fcomments&post=1003"}],"version-history":[{"count":0,"href":"https:\/\/fliegerblog.rjs.de\/index.php?rest_route=\/wp\/v2\/posts\/1003\/revisions"}],"wp:attachment":[{"href":"https:\/\/fliegerblog.rjs.de\/index.php?rest_route=%2Fwp%2Fv2%2Fmedia&parent=1003"}],"wp:term":[{"taxonomy":"category","embeddable":true,"href":"https:\/\/fliegerblog.rjs.de\/index.php?rest_route=%2Fwp%2Fv2%2Fcategories&post=1003"},{"taxonomy":"post_tag","embeddable":true,"href":"https:\/\/fliegerblog.rjs.de\/index.php?rest_route=%2Fwp%2Fv2%2Ftags&post=1003"}],"curies":[{"name":"wp","href":"https:\/\/api.w.org\/{rel}","templated":true}]}}